{"id":4523,"date":"2026-01-22T12:22:55","date_gmt":"2026-01-22T12:22:55","guid":{"rendered":"https:\/\/www.nominaurea.pt\/?p=4523"},"modified":"2026-01-22T12:43:07","modified_gmt":"2026-01-22T12:43:07","slug":"fechas-clave-declaracion-de-renta-2026-portugal","status":"publish","type":"post","link":"https:\/\/www.nominaurea.pt\/es\/noticias\/fechas-clave-declaracion-de-renta-2026-portugal\/","title":{"rendered":"Fechas Clave de la declaraci\u00f3n de renta del 2026 en Portugal"},"content":{"rendered":"<p data-rm-block-id=\"block-1\">El impuesto IRPF en Portugal requiere atenci\u00f3n durante todo el a\u00f1o, no solo en el momento de presentar la declaraci\u00f3n. Para 2026, se han <strong>armonizado los plazos de varias obligaciones<\/strong> fiscales, concentr\u00e1ndolos en momentos clave del calendario.<\/p>\n<ol>\n<li>\n<h4 data-rm-block-id=\"block-2\"><strong> Hasta el 2 de marzo de 2026 \u2013 Fecha Clave Unificada<\/strong><\/h4>\n<\/li>\n<\/ol>\n<p data-rm-block-id=\"block-3\">Varios tr\u00e1mites deben completarse antes del <strong>2 de marzo<\/strong>:<\/p>\n<ul>\n<li data-rm-block-id=\"block-4\"><strong>Validar todas las facturas en el portal e-Fatura<\/strong>, para que sean consideradas en las deducciones fiscales.<\/li>\n<li data-rm-block-id=\"block-5\"><strong>Actualizar el n\u00facleo familiar<\/strong> en caso de cambios (nacimientos, matrimonio, divorcio u otros).<\/li>\n<li data-rm-block-id=\"block-6\"><strong>Comunicar rentas y gastos relacionados<\/strong>, cuando corresponda.<\/li>\n<\/ul>\n<ol start=\"2\">\n<li>\n<h4 data-rm-block-id=\"block-7\"><strong> Consultas y Reclamaciones en marzo<\/strong><\/h4>\n<\/li>\n<\/ol>\n<p data-rm-block-id=\"block-8\">Del <strong>16 al 31 de marzo<\/strong>, los contribuyentes pueden revisar en el portal las deducciones fiscales calculadas por la autoridad y presentar reclamaciones en caso de errores. Hasta el <strong>31 de marzo<\/strong>, tambi\u00e9n puede indicar a qu\u00e9 entidad desea asignar parte de su IRPF o IVA.<\/p>\n<ol start=\"3\">\n<li>\n<h4 data-rm-block-id=\"block-9\"><strong> Presentaci\u00f3n de la Declaraci\u00f3n<\/strong><\/h4>\n<\/li>\n<\/ol>\n<p data-rm-block-id=\"block-10\">El periodo para presentar la declaraci\u00f3n del IRS correspondiente a los ingresos de 2025 es entre <strong>el 1 de abril y el 30 de junio de 2026<\/strong>. Esta presentaci\u00f3n es obligatoria y debe hacerse en l\u00ednea.<\/p>\n<ol start=\"4\">\n<li>\n<h4 data-rm-block-id=\"block-11\"><strong> Liquidaci\u00f3n y Reembolso<\/strong><\/h4>\n<\/li>\n<\/ol>\n<p data-rm-block-id=\"block-12\">La Autoridad Tributaria tiene hasta <strong>el 31 de julio<\/strong> para enviar la liquidaci\u00f3n del impuesto y hasta <strong>el 31 de agosto<\/strong> para efectuar cualquier reembolso correspondiente.<\/p>\n<h3 data-rm-block-id=\"block-13\"><strong>Conclusi\u00f3n<\/strong><\/h3>\n<p data-rm-block-id=\"block-14\">La unificaci\u00f3n de plazos de 2026 simplifica el calendario del IRPF, especialmente al concentrar varios tr\u00e1mites hasta el <strong>2 de marzo<\/strong>. Cumplir con estas fechas es crucial para evitar sanciones y maximizar las deducciones fiscales.<\/p>\n<p data-rm-block-id=\"block-15\"><strong>C\u00f3mo puede ayudar <a href=\"https:\/\/www.nominaurea.pt\/es\/\">Nominaurea<\/a><\/strong><\/p>\n<p data-rm-block-id=\"block-16\"><a href=\"https:\/\/www.nominaurea.pt\/es\/\">Nominaurea<\/a> ofrece apoyo experto en cumplimiento fiscal y contabilidad, incluyendo la preparaci\u00f3n y presentaci\u00f3n de la declaraci\u00f3n de renta, la validaci\u00f3n de facturas en e-Fatura, la actualizaci\u00f3n de la situaci\u00f3n familiar y una planificaci\u00f3n fiscal integral para garantizar el cumplimiento de todos los plazos y la optimizaci\u00f3n de la carga fiscal. Tanto para particulares como para empresas, <a href=\"https:\/\/www.nominaurea.pt\/es\/\">Nominaurea<\/a> le acompa\u00f1a en todas las etapas de sus obligaciones tributarias.<\/p>\n","protected":false},"excerpt":{"rendered":"<p>El impuesto IRPF en Portugal requiere atenci\u00f3n durante todo el a\u00f1o, no solo en el momento de presentar la declaraci\u00f3n. Para 2026, se han armonizado los plazos de varias obligaciones fiscales, concentr\u00e1ndolos en momentos clave del calendario. Hasta el 2 de marzo de 2026 \u2013 Fecha Clave Unificada Varios tr\u00e1mites deben completarse antes del 2 [&hellip;]<\/p>\n","protected":false},"author":3,"featured_media":3531,"comment_status":"closed","ping_status":"open","sticky":false,"template":"","format":"standard","meta":{"footnotes":""},"categories":[11],"tags":[],"class_list":["post-4523","post","type-post","status-publish","format-standard","has-post-thumbnail","hentry","category-publicaciones"],"_links":{"self":[{"href":"https:\/\/www.nominaurea.pt\/es\/wp-json\/wp\/v2\/posts\/4523","targetHints":{"allow":["GET"]}}],"collection":[{"href":"https:\/\/www.nominaurea.pt\/es\/wp-json\/wp\/v2\/posts"}],"about":[{"href":"https:\/\/www.nominaurea.pt\/es\/wp-json\/wp\/v2\/types\/post"}],"author":[{"embeddable":true,"href":"https:\/\/www.nominaurea.pt\/es\/wp-json\/wp\/v2\/users\/3"}],"replies":[{"embeddable":true,"href":"https:\/\/www.nominaurea.pt\/es\/wp-json\/wp\/v2\/comments?post=4523"}],"version-history":[{"count":2,"href":"https:\/\/www.nominaurea.pt\/es\/wp-json\/wp\/v2\/posts\/4523\/revisions"}],"predecessor-version":[{"id":4525,"href":"https:\/\/www.nominaurea.pt\/es\/wp-json\/wp\/v2\/posts\/4523\/revisions\/4525"}],"wp:featuredmedia":[{"embeddable":true,"href":"https:\/\/www.nominaurea.pt\/es\/wp-json\/wp\/v2\/media\/3531"}],"wp:attachment":[{"href":"https:\/\/www.nominaurea.pt\/es\/wp-json\/wp\/v2\/media?parent=4523"}],"wp:term":[{"taxonomy":"category","embeddable":true,"href":"https:\/\/www.nominaurea.pt\/es\/wp-json\/wp\/v2\/categories?post=4523"},{"taxonomy":"post_tag","embeddable":true,"href":"https:\/\/www.nominaurea.pt\/es\/wp-json\/wp\/v2\/tags?post=4523"}],"curies":[{"name":"wp","href":"https:\/\/api.w.org\/{rel}","templated":true}]}}