{"id":2943,"date":"2013-05-15T19:47:40","date_gmt":"2013-05-15T19:47:40","guid":{"rendered":"https:\/\/www.nominaurea.pt\/noticias\/feriados-em-2013-datas-a-considerar-no-processamento-salarial\/"},"modified":"2013-05-15T19:47:40","modified_gmt":"2013-05-15T19:47:40","slug":"feriados-em-2013-datas-a-considerar-no-processamento-salarial","status":"publish","type":"post","link":"https:\/\/www.nominaurea.pt\/es\/noticias\/feriados-em-2013-datas-a-considerar-no-processamento-salarial\/","title":{"rendered":"Feriados em 2013 \u2013 Datas a considerar no processamento salarial"},"content":{"rendered":"<h5 class=\"bto-encabezamiento\">Flash Not\u00edcias NA 1\/2013<\/h5>\n<h5>Feriados em 2013 \u2013 Datas a considerar no processamento salarial<\/h5>\n<p>A Lei n.\u00ba 23\/2012 de 25 junho, que procedeu \u00e0 terceira altera\u00e7\u00e3o ao C\u00f3digo do Trabalho, veio introduzir significativas altera\u00e7\u00f5es no regime dos feriados em Portugal.<\/p>\n<p><a class=\"jcepopup noicon\" title=\"Exibir e fazer download de arquivo PDF\" href=\"publicaciones\/2013\/calendario_laboral_portugal_2013.pdf\" target=\"_blank\"><img decoding=\"async\" style=\"margin-right: 10px;\" src=\"images\/descargar_pdf.png\" alt=\"Volver\" \/>Fazer download de PDF<\/a><\/p>\n<p style=\"line-height: 1px;\">&nbsp;<\/p>\n<p style=\"text-align: justify;\">Com efeito, a partir do dia 1 de janeiro de 2013 foram eliminados quatro feriados:<\/p>\n<p style=\"line-height: 1px;\">&nbsp;<\/p>\n<p style=\"margin-left: 60px;\"><span>1 <\/span>Corpo de Deus (feriado m\u00f3vel &#8211; em 2013 \u00e9 em 30 de maio)<\/p>\n<p style=\"margin-left: 60px;\"><span>2 <\/span>Implanta\u00e7\u00e3o da Rep\u00fablica (5 de outubro)<\/p>\n<p style=\"margin-left: 60px;\"><span>3 <\/span>Dia de Todos os Santos (1 de novembro)<\/p>\n<p style=\"margin-left: 60px;\"><span>4 <\/span>Restaura\u00e7\u00e3o da Independ\u00eancia (1 de dezembro)<\/p>\n<p style=\"line-height: 1px;\">&nbsp;<\/p>\n<p style=\"text-align: justify;\">O Or\u00e7amento do Estado para 2013, aprovado pela Lei n.\u00ba 66-B\/2012, de 31 de dezembro, prev\u00ea que as empresas podem proceder ao encerramento total ou parcial nos dias de ponte, quando um feriado coincida com uma ter\u00e7a ou quinta-feira.<\/p>\n<p style=\"text-align: justify;\">Os dias de encerramento s\u00e3o descontados nas f\u00e9rias do trabalhador ou compensados de outra forma.<\/p>\n<p style=\"text-align: justify;\">A decis\u00e3o de encerramento em dia de ponte deve ser comunicada aos trabalhadores at\u00e9 ao dia 15 de dezembro do ano anterior.<\/p>\n<p>&nbsp;<\/p>\n","protected":false},"excerpt":{"rendered":"<p>Flash Not\u00edcias NA 1\/2013 Feriados em 2013 \u2013 Datas a considerar no processamento salarial A Lei n.\u00ba 23\/2012 de 25 junho, que procedeu \u00e0 terceira altera\u00e7\u00e3o ao C\u00f3digo do Trabalho, veio introduzir significativas altera\u00e7\u00f5es no regime dos feriados em Portugal. Fazer download de PDF &nbsp; Com efeito, a partir do dia 1 de janeiro de [&hellip;]<\/p>\n","protected":false},"author":2,"featured_media":0,"comment_status":"closed","ping_status":"open","sticky":false,"template":"","format":"standard","meta":{"footnotes":""},"categories":[11],"tags":[],"class_list":["post-2943","post","type-post","status-publish","format-standard","hentry","category-publicaciones"],"_links":{"self":[{"href":"https:\/\/www.nominaurea.pt\/es\/wp-json\/wp\/v2\/posts\/2943","targetHints":{"allow":["GET"]}}],"collection":[{"href":"https:\/\/www.nominaurea.pt\/es\/wp-json\/wp\/v2\/posts"}],"about":[{"href":"https:\/\/www.nominaurea.pt\/es\/wp-json\/wp\/v2\/types\/post"}],"author":[{"embeddable":true,"href":"https:\/\/www.nominaurea.pt\/es\/wp-json\/wp\/v2\/users\/2"}],"replies":[{"embeddable":true,"href":"https:\/\/www.nominaurea.pt\/es\/wp-json\/wp\/v2\/comments?post=2943"}],"version-history":[{"count":0,"href":"https:\/\/www.nominaurea.pt\/es\/wp-json\/wp\/v2\/posts\/2943\/revisions"}],"wp:attachment":[{"href":"https:\/\/www.nominaurea.pt\/es\/wp-json\/wp\/v2\/media?parent=2943"}],"wp:term":[{"taxonomy":"category","embeddable":true,"href":"https:\/\/www.nominaurea.pt\/es\/wp-json\/wp\/v2\/categories?post=2943"},{"taxonomy":"post_tag","embeddable":true,"href":"https:\/\/www.nominaurea.pt\/es\/wp-json\/wp\/v2\/tags?post=2943"}],"curies":[{"name":"wp","href":"https:\/\/api.w.org\/{rel}","templated":true}]}}