{"id":2941,"date":"2013-05-16T19:47:40","date_gmt":"2013-05-16T19:47:40","guid":{"rendered":"https:\/\/www.nominaurea.pt\/noticias\/calendario-fiscal-fevereiro-2013\/"},"modified":"2025-10-22T09:12:12","modified_gmt":"2025-10-22T09:12:12","slug":"calendario-fiscal-fevereiro-2013","status":"publish","type":"post","link":"https:\/\/www.nominaurea.pt\/es\/noticias\/calendario-fiscal-fevereiro-2013\/","title":{"rendered":"Calend\u00e1rio Fiscal Fevereiro 2013"},"content":{"rendered":"<h5 class=\"bto-encabezamiento\">Flash Not\u00edcias NA 2\/2013<\/h5>\n<h5>Calend\u00e1rio Fiscal Fevereiro 2013<\/h5>\n<p>Conhe\u00e7a quais os principais prazos no m\u00eas de Fevereiro para o cumprimento as obriga\u00e7\u00f5es fiscais e parafiscais.<\/p>\n<p><a class=\"jcepopup noicon\" title=\"Exibir e fazer download de arquivo PDF\" href=\"publicaciones\/2013\/obriga\u00e7\u00f5es_fiscais_parafiscais_fevereiro_2013.pdf\" target=\"_blank\" rel=\"noopener\"><img decoding=\"async\" style=\"margin-right: 10px;\" src=\"images\/descargar_pdf.png\" alt=\"Volver\" \/>Fazer download de PDF<\/a><\/p>\n<p style=\"line-height: 1px;\">\n<p>Conhe\u00e7a quais os principais prazos no m\u00eas de fevereiro para o cumprimento as obriga\u00e7\u00f5es fiscais e parafiscais<\/p>\n<p>&nbsp;<\/p>\n<table style=\"border-collapse: collapse; width: 95%;\" border=\"0\" cellspacing=\"0\" cellpadding=\"0\">\n<colgroup>\n<col style=\"width: 48pt;\" width=\"64\" \/>\n<col style=\"width: 92pt;\" width=\"122\" \/>\n<col style=\"width: 443pt;\" width=\"590\" \/>\n<col style=\"width: 107pt;\" width=\"143\" \/>\n<col style=\"width: 140pt;\" width=\"187\" \/>\n<col style=\"width: 262pt;\" width=\"350\" \/> <\/colgroup>\n<tbody style=\"font-family: arial, helvetica, sans-serif; font-size: 11px; color: #000000; text-align: center; width: 48pt; height: 49.5pt;\">\n<tr style=\"height: 33.75pt;\">\n<td style=\"background-color: #002f5e; color: #ffffff; font-weight: bold; text-align: center; font-size: 13px;\">DIA<\/td>\n<td style=\"background-color: #002f5e; color: #ffffff; font-weight: bold; text-align: center; font-size: 13px;\" colspan=\"2\">OBRIGA\u00c7\u00d5ES E<br \/>\nIMPRESSOS<\/td>\n<td style=\"background-color: #002f5e; color: #ffffff; font-weight: bold; text-align: center; font-size: 13px;\">LOCAL DE ENTREGA<\/td>\n<td style=\"background-color: #002f5e; color: #ffffff; font-weight: bold; text-align: center; font-size: 13px;\">LOCAL DE PAGAMENTO<\/td>\n<td style=\"background-color: #002f5e; color: #ffffff; font-weight: bold; text-align: center; font-size: 13px;\">OBSERVA\u00c7\u00d5ES<\/td>\n<\/tr>\n<tr style=\"font-family: arial, helvetica, sans-serif; font-size: 11px; color: #000000; height: 49.5pt;\">\n<td style=\"border: 1px solid #00cc99;\">10<\/td>\n<td style=\"border: 1px solid #00cc99;\">IVA<\/td>\n<td style=\"border: 1px solid #00cc99;\">Envio da declara\u00e7\u00e3o mensal referente ao m\u00eas de Dezembro de 2012 e anexos &#8211; Declara\u00e7\u00e3o Peri\u00f3dica<\/td>\n<td style=\"border: 1px solid #00cc99;\">Internet<\/td>\n<td style=\"border: 1px solid #00cc99;\">Internet Tesouraria de Finan\u00e7as CTT\/ Multibanco Outras entidades cobradoras<\/td>\n<td style=\"border: 1px solid #00cc99;\">Envio eletr\u00f3nico de informa\u00e7\u00e3o adicional, em caso de reembolso<\/td>\n<\/tr>\n<tr style=\"font-family: arial, helvetica, sans-serif; font-size: 10px; color: #000000; text-align: center; width: 48pt; height: 49.5pt;\">\n<td style=\"border: 1px solid #00cc99;\">10<\/td>\n<td style=\"border: 1px solid #00cc99;\">Seguran\u00e7a Social<\/td>\n<td style=\"border: 1px solid #00cc99;\">Declara\u00e7\u00e3o de remunera\u00e7\u00f5es relativas a Janeiro de 2013 &#8211; Declara\u00e7\u00e3o de remunera\u00e7\u00f5es (MOD. RC3008\/2011- DGSSS)<\/td>\n<td style=\"border: 1px solid #00cc99;\">Internet<\/td>\n<td style=\"border: 1px solid #00cc99;\">n\/a<\/td>\n<td style=\"border: 1px solid #00cc99;\">Declara\u00e7\u00e3o entregue em suporte digital ou atrav\u00e9s da internet para empresas com mais de 10 trabalhadores<\/td>\n<\/tr>\n<tr style=\"height: 49.5pt;\">\n<td style=\"border: 1px solid #00cc99;\">At\u00e9 dia 11<\/td>\n<td style=\"border: 1px solid #00cc99;\">IRS<\/td>\n<td style=\"border: 1px solid #00cc99;\">Entrega da Declara\u00e7\u00e3o Mensal de Remunera\u00e7\u00f5es<\/td>\n<td style=\"border: 1px solid #00cc99;\">Internet<\/td>\n<td style=\"border: 1px solid #00cc99;\">n\/a<\/td>\n<td style=\"border: 1px solid #00cc99;\"><\/td>\n<\/tr>\n<tr style=\"font-family: arial, helvetica, sans-serif; font-size: 11px; color: #000000; text-align: center; width: 48pt; height: 49.5pt;\">\n<td style=\"border: 1px solid #00cc99;\">15<\/td>\n<td style=\"border: 1px solid #00cc99;\">IVA<\/td>\n<td style=\"border: 1px solid #00cc99;\">Envio da declara\u00e7\u00e3o trimestral referente ao 4.\u00ba trimestre de 2012 e anexos &#8211; Declara\u00e7\u00e3o Peri\u00f3dica<\/td>\n<td style=\"border: 1px solid #00cc99;\">Internet<\/td>\n<td style=\"border: 1px solid #00cc99;\">Internet Tesouraria de Finan\u00e7as CTT\/ Multibanco Outras entidades cobradoras<\/td>\n<td style=\"border: 1px solid #00cc99;\">Envio eletr\u00f3nico de informa\u00e7\u00e3o adicional, em caso de reembolso<\/td>\n<\/tr>\n<tr style=\"font-family: arial, helvetica, sans-serif; font-size: 11px; color: #000000; height: 49.5pt;\">\n<td style=\"border: 1px solid #00cc99;\">15<\/td>\n<td style=\"border: 1px solid #00cc99;\">Seguran\u00e7a Social<\/td>\n<td style=\"border: 1px solid #00cc99;\">Declara\u00e7\u00e3o do valor da actividade, para trabalhadores independentes, respeitante a 2012<\/td>\n<td style=\"border: 1px solid #00cc99;\">Internet<\/td>\n<td style=\"border: 1px solid #00cc99;\">n\/a<\/td>\n<td style=\"border: 1px solid #00cc99;\"><\/td>\n<\/tr>\n<tr style=\"font-family: arial, helvetica, sans-serif; font-size: 11px; color: #000000; text-align: center; width: 48pt; height: 49.5pt;\">\n<td style=\"border: 1px solid #00cc99;\">20<\/td>\n<td style=\"border: 1px solid #00cc99;\">Seguran\u00e7a Social<\/td>\n<td style=\"border: 1px solid #00cc99;\">Pagamento das contribui\u00e7\u00f5es relativas a Janeiro de 2013<\/td>\n<td style=\"border: 1px solid #00cc99;\">n\/a<\/td>\n<td style=\"border: 1px solid #00cc99;\">Balc\u00e3o banc\u00e1rio CRSS Internet CTT\/Multibanco<\/td>\n<td style=\"border: 1px solid #00cc99;\">O valor devido \u00e9 apurado atrav\u00e9s do software da Seguran\u00e7a Social (registo necess\u00e1rio); at\u00e9 150 \u20ac, pagamento no CRSS; sem limite de montante, pagamento efectuado com cheque visado ou atrav\u00e9s de cart\u00e3o multibanco<\/td>\n<\/tr>\n<tr style=\"height: 49.5pt;\">\n<td style=\"border: 1px solid #00cc99;\">20<\/td>\n<td style=\"border: 1px solid #00cc99;\">IRS\/IRC\/Selo<\/td>\n<td style=\"border: 1px solid #00cc99;\">Pagamento do IRC e IRS retidos, e do Imposto do Selo, referentes a Janeiro de 2013 &#8211; Declara\u00e7\u00e3o de reten\u00e7\u00f5es na fonte de IRS\/IRC e Imposto do Selo<\/td>\n<td style=\"border: 1px solid #00cc99;\">Internet<\/td>\n<td style=\"border: 1px solid #00cc99;\">Internet Tesouraria de Finan\u00e7as CTT\/ Multibanco Outras entidades cobradoras<\/td>\n<td style=\"border: 1px solid #00cc99;\"><\/td>\n<\/tr>\n<tr style=\"height: 89.25pt;\">\n<td style=\"border: 1px solid #00cc99;\">20<\/td>\n<td style=\"border: 1px solid #00cc99;\">IVA<\/td>\n<td style=\"border: 1px solid #00cc99;\">Envio de declara\u00e7\u00e3o recapitulativa mensal referente a Janeiro de 2013 &#8211; Declara\u00e7\u00e3o recapitulativa: Transmiss\u00f5es intracomunit\u00e1rias de bens e opera\u00e7\u00f5es assimiladas \/ presta\u00e7\u00f5es de servi\u00e7os<\/td>\n<td style=\"border: 1px solid #00cc99;\">Internet<\/td>\n<td style=\"border: 1px solid #00cc99;\">n\/a<\/td>\n<td style=\"border: 1px solid #00cc99;\">Aplic\u00e1vel a sujeitos passivos no regime normal de tributa\u00e7\u00e3o, com periodicidade mensal e trimestral, quando o total das transmiss\u00f5es intracomunit\u00e1rias de bens a incluir na Declara\u00e7\u00e3o Recapitulativa tenha, no trimestre em curso ou em qualquer um dos quatro trimestres anteriores, excedido 50.000 \u20ac<\/td>\n<\/tr>\n<tr style=\"height: 49.5pt;\">\n<td style=\"border: 1px solid #00cc99;\">29<\/td>\n<td style=\"border: 1px solid #00cc99;\">IRS\/IRC<\/td>\n<td style=\"border: 1px solid #00cc99;\">Declara\u00e7\u00e3o de rendimentos pagos e de reten\u00e7\u00f5es, dedu\u00e7\u00f5es, contribui\u00e7\u00f5es sociais e de sa\u00fade e quotiza\u00e7\u00f5es, referentes a 2012 &#8211; Modelo 10<\/td>\n<td style=\"border: 1px solid #00cc99;\">Internet<\/td>\n<td style=\"border: 1px solid #00cc99;\">n\/a<\/td>\n<td style=\"border: 1px solid #00cc99;\"><\/td>\n<\/tr>\n<tr style=\"height: 49.5pt;\">\n<td style=\"border: 1px solid #00cc99;\">At\u00e9 fim do m\u00eas<\/td>\n<td style=\"border: 1px solid #00cc99;\">Imposto \u00danico de Circula\u00e7\u00e3o<\/td>\n<td style=\"border: 1px solid #00cc99;\">Liquida\u00e7\u00e3o, por transmiss\u00e3o eletr\u00f3nica de dados, e pagamento do Imposto \u00danico de Circula\u00e7\u00e3o &#8211; IUC, relativo aos ve\u00edculos cujo anivers\u00e1rio da matr\u00edcula ocorra no presente m\u00eas.<\/td>\n<td style=\"border: 1px solid #00cc99;\"><\/td>\n<td style=\"border: 1px solid #00cc99;\">Internet Tesouraria de Finan\u00e7as CTT\/ Multibanco Outras entidades cobradoras<\/td>\n<td style=\"border: 1px solid #00cc99;\"><\/td>\n<\/tr>\n<\/tbody>\n<\/table>\n<p>&nbsp;<\/p>\n","protected":false},"excerpt":{"rendered":"<p>Flash Not\u00edcias NA 2\/2013 Calend\u00e1rio Fiscal Fevereiro 2013 Conhe\u00e7a quais os principais prazos no m\u00eas de Fevereiro para o cumprimento as obriga\u00e7\u00f5es fiscais e parafiscais. Fazer download de PDF Conhe\u00e7a quais os principais prazos no m\u00eas de fevereiro para o cumprimento as obriga\u00e7\u00f5es fiscais e parafiscais &nbsp; DIA OBRIGA\u00c7\u00d5ES E IMPRESSOS LOCAL DE ENTREGA LOCAL [&hellip;]<\/p>\n","protected":false},"author":2,"featured_media":0,"comment_status":"closed","ping_status":"open","sticky":false,"template":"","format":"standard","meta":{"footnotes":""},"categories":[11],"tags":[],"class_list":["post-2941","post","type-post","status-publish","format-standard","hentry","category-publicaciones"],"_links":{"self":[{"href":"https:\/\/www.nominaurea.pt\/es\/wp-json\/wp\/v2\/posts\/2941","targetHints":{"allow":["GET"]}}],"collection":[{"href":"https:\/\/www.nominaurea.pt\/es\/wp-json\/wp\/v2\/posts"}],"about":[{"href":"https:\/\/www.nominaurea.pt\/es\/wp-json\/wp\/v2\/types\/post"}],"author":[{"embeddable":true,"href":"https:\/\/www.nominaurea.pt\/es\/wp-json\/wp\/v2\/users\/2"}],"replies":[{"embeddable":true,"href":"https:\/\/www.nominaurea.pt\/es\/wp-json\/wp\/v2\/comments?post=2941"}],"version-history":[{"count":1,"href":"https:\/\/www.nominaurea.pt\/es\/wp-json\/wp\/v2\/posts\/2941\/revisions"}],"predecessor-version":[{"id":2945,"href":"https:\/\/www.nominaurea.pt\/es\/wp-json\/wp\/v2\/posts\/2941\/revisions\/2945"}],"wp:attachment":[{"href":"https:\/\/www.nominaurea.pt\/es\/wp-json\/wp\/v2\/media?parent=2941"}],"wp:term":[{"taxonomy":"category","embeddable":true,"href":"https:\/\/www.nominaurea.pt\/es\/wp-json\/wp\/v2\/categories?post=2941"},{"taxonomy":"post_tag","embeddable":true,"href":"https:\/\/www.nominaurea.pt\/es\/wp-json\/wp\/v2\/tags?post=2941"}],"curies":[{"name":"wp","href":"https:\/\/api.w.org\/{rel}","templated":true}]}}