{"id":2939,"date":"2013-05-17T00:00:00","date_gmt":"2013-05-17T00:00:00","guid":{"rendered":"https:\/\/www.nominaurea.pt\/noticias\/ajudas-de-custo-aspetos-praticos\/"},"modified":"2025-10-22T09:11:55","modified_gmt":"2025-10-22T09:11:55","slug":"ajudas-de-custo-aspetos-praticos","status":"publish","type":"post","link":"https:\/\/www.nominaurea.pt\/es\/noticias\/ajudas-de-custo-aspetos-praticos\/","title":{"rendered":"Ajudas de Custo \u2013 aspetos pr\u00e1ticos"},"content":{"rendered":"<h5 class=\"bto-encabezamiento\">Flash Not\u00edcias NA 3\/2013<\/h5>\n<h5>Ajudas de Custo \u2013 aspetos pr\u00e1ticos<\/h5>\n<p>As ajudas de custo visam compensar o trabalhador por despesas efetuadas ao servi\u00e7o da entidade patronal, em raz\u00e3o da sua desloca\u00e7\u00e3o do seu local habitual de trabalho para outro local e com car\u00e1ter tempor\u00e1rio.<\/p>\n<p style=\"text-align: justify;\">Representam uma compensa\u00e7\u00e3o ou reembolso pelas despesas a que o trabalhador foi obrigado na sequ\u00eancia de desloca\u00e7\u00f5es ocasionais que teve de efetuar em servi\u00e7o, inexistindo car\u00e1cter de reciprocidade com a presta\u00e7\u00e3o do seu trabalho.<\/p>\n<p style=\"text-align: justify;\">A atribui\u00e7\u00e3o de montantes a t\u00edtulo de ajudas de custo varia consoante abranjam uma ou duas refei\u00e7\u00f5es di\u00e1rias, alojamento, entre outros. Com efeito, as ajudas de custo dever\u00e3o ser atribu\u00eddas para fazer face a encargos originados por desloca\u00e7\u00f5es ao servi\u00e7o da entidade patronal para al\u00e9m do seu domic\u00edlio necess\u00e1rio, isto \u00e9, a localidade onde o funcion\u00e1rio aceitou o lugar ou cargo, onde exerce fun\u00e7\u00f5es ou onde se situa o centro da sua atividade.<\/p>\n<p style=\"text-align: justify;\">Contudo, nem todas as desloca\u00e7\u00f5es determinam a possibilidade de atribui\u00e7\u00e3o de uma ajuda de custo n\u00e3o sujeita a tributa\u00e7\u00e3o.<\/p>\n<p style=\"text-align: justify;\">Para a atribui\u00e7\u00e3o de ajuda de custo ao trabalhador a dist\u00e2ncia percorrida tem que ser superior a 20 quil\u00f3metros do local onde exerce fun\u00e7\u00f5es, no caso das desloca\u00e7\u00f5es di\u00e1rias (as que se realizam num per\u00edodo de 24 horas), ou superior a 50 quil\u00f3metros, no caso das desloca\u00e7\u00f5es por dias sucessivos (as que se realizam-se por per\u00edodos superiores a 24 horas).<\/p>\n<p style=\"text-align: justify;\">Existe um limite m\u00e1ximo di\u00e1rio isento de Imposto sobre o Rendimento das Pessoas Singulares (IRS) e Seguran\u00e7a Social, tal como acontece com o subs\u00eddio de alimenta\u00e7\u00e3o.<\/p>\n<p style=\"text-align: justify;\">Todos os anos, \u00e9 fixado o novo limite legal e, na tabela seguinte, apresentamos os valores a aplicar no ano de 2013:<\/p>\n<p style=\"text-align: justify;\">\n<div align=\"center\">\n<table style=\"border-collapse: collapse; border: none;\" border=\"1\" cellspacing=\"0\" cellpadding=\"0\">\n<tbody>\n<tr style=\"height: 17.8pt;\">\n<td style=\"width: 225.15pt; border: 1pt solid windowtext; background-color: #1f497d; padding: 0cm 5.4pt; height: 17.8pt;\" colspan=\"2\" width=\"375\">\n<p style=\"text-align: justify;\"><strong><span style=\"font-size: 10pt; font-family: Arial; color: white;\">Ajudas de custo 2013<\/span><\/strong><\/p>\n<\/td>\n<td style=\"width: 155.9pt; border-style: solid solid solid none; border-top-color: windowtext; border-right-color: windowtext; border-bottom-color: windowtext; border-top-width: 1pt; border-right-width: 1pt; border-bottom-width: 1pt; background-color: #1f497d; padding: 0cm 5.4pt; height: 17.8pt;\" width=\"260\">\n<p style=\"text-align: justify;\"><strong><span style=\"font-size: 10pt; font-family: Arial; color: white;\">Valor Limite Isen\u00e7\u00e3o \/ Di\u00e1rio<\/span><\/strong><\/p>\n<\/td>\n<\/tr>\n<tr style=\"height: 18.9pt;\">\n<td style=\"width: 104.65pt; border-style: none solid solid; border-right-color: windowtext; border-bottom-color: windowtext; border-left-color: windowtext; border-right-width: 1pt; border-bottom-width: 1pt; border-left-width: 1pt; padding: 0cm 5.4pt; height: 18.9pt;\" rowspan=\"2\" width=\"174\">\n<p style=\"text-align: center;\" align=\"center\"><span style=\"font-size: 10pt; font-family: Arial;\">Desloca\u00e7\u00f5es em Portugal<\/span><\/p>\n<\/td>\n<td style=\"width: 120.5pt; border-style: none solid solid none; border-bottom-color: windowtext; border-bottom-width: 1pt; border-right-color: windowtext; border-right-width: 1pt; padding: 0cm 5.4pt; height: 18.9pt;\" width=\"201\">\n<p style=\"text-align: center;\" align=\"center\"><span style=\"font-size: 10pt; font-family: Arial;\">Diretores<\/span><\/p>\n<\/td>\n<td style=\"width: 155.9pt; border-style: none solid solid none; border-bottom-color: windowtext; border-bottom-width: 1pt; border-right-color: windowtext; border-right-width: 1pt; padding: 0cm 5.4pt; height: 18.9pt;\" width=\"260\">\n<p style=\"text-align: center;\" align=\"center\"><span style=\"font-size: 10pt; font-family: Arial;\">69,19\u20ac<\/span><\/p>\n<\/td>\n<\/tr>\n<tr style=\"height: 21.15pt;\">\n<td style=\"width: 120.5pt; border-style: none solid solid none; border-bottom-color: windowtext; border-bottom-width: 1pt; border-right-color: windowtext; border-right-width: 1pt; padding: 0cm 5.4pt; height: 21.15pt;\" width=\"201\">\n<p style=\"text-align: center;\" align=\"center\"><span style=\"font-size: 10pt; font-family: Arial;\">Outros Colaboradores<\/span><\/p>\n<\/td>\n<td style=\"width: 155.9pt; border-style: none solid solid none; border-bottom-color: windowtext; border-bottom-width: 1pt; border-right-color: windowtext; border-right-width: 1pt; padding: 0cm 5.4pt; height: 21.15pt;\" width=\"260\">\n<p style=\"text-align: center;\" align=\"center\"><span style=\"font-size: 10pt; font-family: Arial;\">50,20\u20ac<\/span><\/p>\n<\/td>\n<\/tr>\n<tr style=\"height: 20.15pt;\">\n<td style=\"width: 104.65pt; border-style: none solid solid; border-right-color: windowtext; border-bottom-color: windowtext; border-left-color: windowtext; border-right-width: 1pt; border-bottom-width: 1pt; border-left-width: 1pt; padding: 0cm 5.4pt; height: 20.15pt;\" rowspan=\"2\" width=\"174\">\n<p style=\"text-align: center;\" align=\"center\"><span style=\"font-size: 10pt; font-family: Arial;\">Desloca\u00e7\u00f5es ao estrangeiro<\/span><\/p>\n<\/td>\n<td style=\"width: 120.5pt; border-style: none solid solid none; border-bottom-color: windowtext; border-bottom-width: 1pt; border-right-color: windowtext; border-right-width: 1pt; padding: 0cm 5.4pt; height: 20.15pt;\" width=\"201\">\n<p style=\"text-align: center;\" align=\"center\"><span style=\"font-size: 10pt; font-family: Arial;\">Diretores<\/span><\/p>\n<\/td>\n<td style=\"width: 155.9pt; border-style: none solid solid none; border-bottom-color: windowtext; border-bottom-width: 1pt; border-right-color: windowtext; border-right-width: 1pt; padding: 0cm 5.4pt; height: 20.15pt;\" width=\"260\">\n<p style=\"text-align: center;\" align=\"center\"><span style=\"font-size: 10pt; font-family: Arial;\">100,24\u20ac<\/span><\/p>\n<\/td>\n<\/tr>\n<tr style=\"height: 20.5pt;\">\n<td style=\"width: 120.5pt; border-style: none solid solid none; border-bottom-color: windowtext; border-bottom-width: 1pt; border-right-color: windowtext; border-right-width: 1pt; padding: 0cm 5.4pt; height: 20.5pt;\" width=\"201\">\n<p style=\"text-align: center;\" align=\"center\"><span style=\"font-size: 10pt; font-family: Arial;\">Outros Colaboradores<\/span><\/p>\n<\/td>\n<td style=\"width: 155.9pt; border-style: none solid solid none; border-bottom-color: windowtext; border-bottom-width: 1pt; border-right-color: windowtext; border-right-width: 1pt; padding: 0cm 5.4pt; height: 20.5pt;\" width=\"260\">\n<p style=\"text-align: center;\" align=\"center\"><span style=\"font-size: 10pt; font-family: Arial;\">89,35\u20ac<\/span><\/p>\n<\/td>\n<\/tr>\n<\/tbody>\n<\/table>\n<\/div>\n<p style=\"text-align: justify;\">\n<p style=\"text-align: justify;\">Quando as ajudas de custo s\u00e3o calculadas \u00e9 necess\u00e1rio considerar algumas especificidades no processamento do restante sal\u00e1rio do trabalhador.<\/p>\n<p style=\"text-align: justify;\">Por exemplo, se for processado o subs\u00eddio de alimenta\u00e7\u00e3o di\u00e1rio, ent\u00e3o o limite j\u00e1 n\u00e3o \u00e9 o mesmo porque o valor fixado \u00e9 para 100% da ajuda de custo, incluindo a alimenta\u00e7\u00e3o.<\/p>\n<p style=\"text-align: justify;\">O abono (ou compensa\u00e7\u00e3o) da ajuda de custo dever\u00e1 corresponder ao pagamento de uma parte da import\u00e2ncia que estiver fixada ou \u00e0 sua totalidade. Nas desloca\u00e7\u00f5es di\u00e1rias atribuem-se as seguintes percentagens da ajuda de custo di\u00e1ria:<\/p>\n<p style=\"text-align: justify; margin-left: 60px;\">a) Se a desloca\u00e7\u00e3o abranger, ainda que parcialmente, o per\u00edodo compreendido entre as 13 horas e as 14 horas \u2013 25%;<\/p>\n<p style=\"text-align: justify; margin-left: 60px;\">b) Se a desloca\u00e7\u00e3o abranger, ainda que parcialmente, o per\u00edodo compreendido entre as 20 horas e as 21 horas \u2013 25%;<\/p>\n<p style=\"text-align: justify; margin-left: 60px;\">c) Se a desloca\u00e7\u00e3o implicar alojamento \u2013 50%.<\/p>\n<p style=\"text-align: justify;\">De real\u00e7ar que as despesas de alojamento s\u00f3 s\u00e3o consideradas nas desloca\u00e7\u00f5es di\u00e1rias que n\u00e3o se prologuem para o dia seguinte, quando o colaborador n\u00e3o disponha de transportes coletivos regulares que lhe permitam regressar \u00e0 sua resid\u00eancia at\u00e9 \u00e0s 22 horas.<\/p>\n<p style=\"text-align: justify;\">As percentagens a considerar na atribui\u00e7\u00e3o do abono de ajudas de custo s\u00e3o as seguintes:<\/p>\n<p style=\"text-align: justify;\"><span style=\"text-decoration: underline;\"><strong>Desloca\u00e7\u00f5es di\u00e1rias<\/strong><\/span><\/p>\n<p style=\"line-height: 1px;\">\n<p style=\"line-height: 1px;\">\u00a0<img decoding=\"async\" style=\"display: block; margin-left: auto; margin-right: auto;\" src=\"publicaciones\/2013\/imagen_1.jpg\" alt=\"\" \/><\/p>\n<p style=\"text-align: justify;\"><span style=\"text-decoration: underline;\"><strong>Desloca\u00e7\u00f5es por dias sucessivos<\/strong><\/span><\/p>\n<p style=\"line-height: 1px;\">\n<p style=\"line-height: 1px;\">\u00a0<img decoding=\"async\" style=\"display: block; margin-left: auto; margin-right: auto;\" src=\"publicaciones\/2013\/imagen_2.jpg\" alt=\"\" \/><\/p>\n<p style=\"line-height: 1px;\">\n<p style=\"text-align: justify;\">Em suma e conforme descrito nas tabelas anteriores, sempre que a desloca\u00e7\u00e3o implique alojamento ser\u00e3o pagos 50% e sempre que implique refei\u00e7\u00e3o ser\u00e3o pagos 25%. Quando a refei\u00e7\u00e3o e alojamento forem pagos em esp\u00e9cie, n\u00e3o haver\u00e1 lugar \u00e0s respetivas compensa\u00e7\u00f5es.<\/p>\n<p style=\"text-align: justify;\">Por fim chamamos a aten\u00e7\u00e3o para o facto de que deve existir sempre um mapa de todas as desloca\u00e7\u00f5es efetuadas, com data e hora de partida, bem como data e hora de chegada, local onde se deslocou, motivo da desloca\u00e7\u00e3o (clientes, fornecedores, obras visitadas, etc.), com o valor di\u00e1rio e total que foi pago em ajudas de custo.<\/p>\n<p>&nbsp;<\/p>\n","protected":false},"excerpt":{"rendered":"<p>Flash Not\u00edcias NA 3\/2013 Ajudas de Custo \u2013 aspetos pr\u00e1ticos As ajudas de custo visam compensar o trabalhador por despesas efetuadas ao servi\u00e7o da entidade patronal, em raz\u00e3o da sua desloca\u00e7\u00e3o do seu local habitual de trabalho para outro local e com car\u00e1ter tempor\u00e1rio. Representam uma compensa\u00e7\u00e3o ou reembolso pelas despesas a que o trabalhador [&hellip;]<\/p>\n","protected":false},"author":2,"featured_media":0,"comment_status":"closed","ping_status":"open","sticky":false,"template":"","format":"standard","meta":{"footnotes":""},"categories":[11],"tags":[],"class_list":["post-2939","post","type-post","status-publish","format-standard","hentry","category-publicaciones"],"_links":{"self":[{"href":"https:\/\/www.nominaurea.pt\/es\/wp-json\/wp\/v2\/posts\/2939","targetHints":{"allow":["GET"]}}],"collection":[{"href":"https:\/\/www.nominaurea.pt\/es\/wp-json\/wp\/v2\/posts"}],"about":[{"href":"https:\/\/www.nominaurea.pt\/es\/wp-json\/wp\/v2\/types\/post"}],"author":[{"embeddable":true,"href":"https:\/\/www.nominaurea.pt\/es\/wp-json\/wp\/v2\/users\/2"}],"replies":[{"embeddable":true,"href":"https:\/\/www.nominaurea.pt\/es\/wp-json\/wp\/v2\/comments?post=2939"}],"version-history":[{"count":1,"href":"https:\/\/www.nominaurea.pt\/es\/wp-json\/wp\/v2\/posts\/2939\/revisions"}],"predecessor-version":[{"id":2944,"href":"https:\/\/www.nominaurea.pt\/es\/wp-json\/wp\/v2\/posts\/2939\/revisions\/2944"}],"wp:attachment":[{"href":"https:\/\/www.nominaurea.pt\/es\/wp-json\/wp\/v2\/media?parent=2939"}],"wp:term":[{"taxonomy":"category","embeddable":true,"href":"https:\/\/www.nominaurea.pt\/es\/wp-json\/wp\/v2\/categories?post=2939"},{"taxonomy":"post_tag","embeddable":true,"href":"https:\/\/www.nominaurea.pt\/es\/wp-json\/wp\/v2\/tags?post=2939"}],"curies":[{"name":"wp","href":"https:\/\/api.w.org\/{rel}","templated":true}]}}