{"id":2865,"date":"2015-10-29T19:47:40","date_gmt":"2015-10-29T19:47:40","guid":{"rendered":"https:\/\/www.nominaurea.pt\/noticias\/alteracoes-ao-normativo-contabilistico-a-entrar-em-vigor-em-2016\/"},"modified":"2025-10-22T08:55:37","modified_gmt":"2025-10-22T08:55:37","slug":"alteracoes-ao-normativo-contabilistico-a-entrar-em-vigor-em-2016","status":"publish","type":"post","link":"https:\/\/www.nominaurea.pt\/es\/noticias\/alteracoes-ao-normativo-contabilistico-a-entrar-em-vigor-em-2016\/","title":{"rendered":"Los cambios en las normas contables a empezar en el a\u00f1o de 2016"},"content":{"rendered":"<h5 class=\"bto-encabezamiento\">Flash Noticias NA 6\/2015<\/h5>\n<h5>Los cambios en las normas contables a empezar en el a\u00f1o de 2016<\/h5>\n<p style=\"text-align: justify;\">Fue publicada el 02 de junio el Decreto-Ley N\u00ba 98\/2015, que adapt\u00f3 a Portugal la Directiva N\u00ba 2013\/34\/UE del Parlamento Europeo y del Consejo, de 26 de junio 2013 en relaci\u00f3n con los estados financieros los estados financieros consolidados anuales y los informes afines de ciertos tipos de empresas.<\/p>\n<hr id=\"system-readmore\" \/>\n<p><a target=\"_self\"><img decoding=\"async\" style=\"float: right; margin-left: 10px;\" src=\"images\/volver.png\" alt=\"\" data-alt=\"Volver\" \/><\/a><\/p>\n<p style=\"text-align: justify;\">En una situaci\u00f3n econ\u00f3mica desfavorable la contabilidad es una herramienta indispensable para las empresas.<\/p>\n<p style=\"text-align: justify;\">El objetivo principal es basado en la reducci\u00f3n de la carga administrativa de las peque\u00f1as y medianas empresas y la simplificaci\u00f3n de los procedimientos de presentaci\u00f3n de informes financieros.<\/p>\n<p style=\"text-align: justify;\">Nominaurea como una empresa con amplia experiencia en <strong>contabilidad de gesti\u00f3n y asesoramiento fiscal<\/strong>, proporciona asistencia a las empresas en la optimizaci\u00f3n de las pol\u00edticas contables y fiscales adaptadas a cada situaci\u00f3n.<\/p>\n<p style=\"text-align: justify;\">El legislador se preocup\u00f3 con la reducci\u00f3n significativa de la informaci\u00f3n requerida por las normas contables y de informaci\u00f3n financiera, en particular para las microempresas.<\/p>\n<p style=\"text-align: justify;\">Ahora bien, estos cambios realizados en cuanto a la cuesti\u00f3n de los grupos y de las cuentas consolidadas, destaca una mayor cobertura, lo que implica, por supuesto, un mayor n\u00famero de grupos de asignaturas para la preparaci\u00f3n y presentaci\u00f3n de las cuentas consolidadas.<\/p>\n<p style=\"text-align: justify;\">Nominaurea es una empresa que tiene un equipo de <strong>Contables Certificados<\/strong> competentes para ayudar en el cumplimiento de todas las declaraciones de gesti\u00f3n y de impuestos para preparar todas las medidas necesarias para una r\u00e1pida adaptaci\u00f3n de las empresas a las nuevas normas contables.<\/p>\n<p style=\"text-align: justify;\">Destaca por encima de todo, la definici\u00f3n de peque\u00f1os grupos exentos de las cuentas consolidadas, que en su base consolidada y fecha del balance de la empresa matriz, no superan dos de los siguientes l\u00edmites: i) total del balance: \u20ac 6.000.000; ii) volumen de negocios neto: 12 millones de \u20ac, y iii) el n\u00famero medio de empleados durante el per\u00edodo: 50.<\/p>\n<p><img decoding=\"async\" style=\"display: block; margin-left: auto; margin-right: auto;\" title=\"Altera\u00e7\u00f5es ao normativo contabil\u00edstico a entrar em vigor em 2016\" src=\"images\/nominaurea\/noticias_2015_1.png\" alt=\"Altera\u00e7\u00f5es ao normativo contabil\u00edstico a entrar em vigor em 2016\" width=\"100%\" height=\"auto\" \/><\/p>\n<p style=\"text-align: justify; font-size: 12px;\"><em><strong>(1)<\/strong> El concepto aplicado en el caso de peque\u00f1as entidades (PE) al 12\/31\/2015 es \u00abventas netas totales y otros ingresos\u00bb.<\/em><\/p>\n<p style=\"text-align: justify; font-size: 12px;\"><em><strong>(2)<\/strong> Desagrega el concepto actual de las entidades del sistema CNS generales, dividi\u00e9ndolos en Medias y grandes Entidades.<\/em><\/p>\n<p style=\"text-align: justify;\">Nominaurea ofrece <strong>servicios de contabilidad en Lisboa<\/strong> y est\u00e1n disponibles para cualquier aclaraci\u00f3n que tengan por conveniente.<\/p>\n","protected":false},"excerpt":{"rendered":"<p>Flash Noticias NA 6\/2015 Los cambios en las normas contables a empezar en el a\u00f1o de 2016 Fue publicada el 02 de junio el Decreto-Ley N\u00ba 98\/2015, que adapt\u00f3 a Portugal la Directiva N\u00ba 2013\/34\/UE del Parlamento Europeo y del Consejo, de 26 de junio 2013 en relaci\u00f3n con los estados financieros los estados financieros [&hellip;]<\/p>\n","protected":false},"author":2,"featured_media":0,"comment_status":"closed","ping_status":"open","sticky":false,"template":"","format":"standard","meta":{"footnotes":""},"categories":[11],"tags":[],"class_list":["post-2865","post","type-post","status-publish","format-standard","hentry","category-publicaciones"],"_links":{"self":[{"href":"https:\/\/www.nominaurea.pt\/es\/wp-json\/wp\/v2\/posts\/2865","targetHints":{"allow":["GET"]}}],"collection":[{"href":"https:\/\/www.nominaurea.pt\/es\/wp-json\/wp\/v2\/posts"}],"about":[{"href":"https:\/\/www.nominaurea.pt\/es\/wp-json\/wp\/v2\/types\/post"}],"author":[{"embeddable":true,"href":"https:\/\/www.nominaurea.pt\/es\/wp-json\/wp\/v2\/users\/2"}],"replies":[{"embeddable":true,"href":"https:\/\/www.nominaurea.pt\/es\/wp-json\/wp\/v2\/comments?post=2865"}],"version-history":[{"count":2,"href":"https:\/\/www.nominaurea.pt\/es\/wp-json\/wp\/v2\/posts\/2865\/revisions"}],"predecessor-version":[{"id":2873,"href":"https:\/\/www.nominaurea.pt\/es\/wp-json\/wp\/v2\/posts\/2865\/revisions\/2873"}],"wp:attachment":[{"href":"https:\/\/www.nominaurea.pt\/es\/wp-json\/wp\/v2\/media?parent=2865"}],"wp:term":[{"taxonomy":"category","embeddable":true,"href":"https:\/\/www.nominaurea.pt\/es\/wp-json\/wp\/v2\/categories?post=2865"},{"taxonomy":"post_tag","embeddable":true,"href":"https:\/\/www.nominaurea.pt\/es\/wp-json\/wp\/v2\/tags?post=2865"}],"curies":[{"name":"wp","href":"https:\/\/api.w.org\/{rel}","templated":true}]}}