{"id":2779,"date":"2019-07-02T00:00:00","date_gmt":"2019-07-02T00:00:00","guid":{"rendered":"https:\/\/www.nominaurea.pt\/noticias\/isencao-automatica-de-imi-chegou-este-ano-a-117-milhoes-de-contribuintes\/"},"modified":"2025-10-22T08:31:05","modified_gmt":"2025-10-22T08:31:05","slug":"isencao-automatica-de-imi-chegou-este-ano-a-117-milhoes-de-contribuintes","status":"publish","type":"post","link":"https:\/\/www.nominaurea.pt\/es\/noticias\/isencao-automatica-de-imi-chegou-este-ano-a-117-milhoes-de-contribuintes\/","title":{"rendered":"Isen\u00e7\u00e3o autom\u00e1tica de IMI chegou este ano a 1,17 milh\u00f5es de contribuintes"},"content":{"rendered":"<h5 class=\"bto-encabezamiento\">Flash Not\u00edcias NA 3\/2019<\/h5>\n<h5>Isen\u00e7\u00e3o autom\u00e1tica de IMI chegou este ano a 1,17 milh\u00f5es de contribuintes<\/h5>\n<p style=\"text-align: justify;\">A isen\u00e7\u00e3o de Imposto Municipal sobre Im\u00f3veis (IMI) que \u00e9 atribu\u00edda a pessoas com rendimentos e patrim\u00f3nio imobili\u00e1rio de baixo valor chegou este ano a 1,17 milh\u00f5es de contribuintes.<\/p>\n<p style=\"text-align: justify;\">Em causa est\u00e1 um benef\u00edcio que \u00e9 atribu\u00eddo de forma autom\u00e1tica pela Autoridade Tribut\u00e1ria e Aduaneira aos propriet\u00e1rios de im\u00f3veis de valor patrimonial inferior a 66.500 euros e com agregados familiares cujo rendimento bruto anual n\u00e3o exceda 2,3 indexantes de apoios sociais, ou seja, 15.295 euros (475 euros x 14 meses x 2,3 IAS).<\/p>\n<p style=\"text-align: justify;\">A isen\u00e7\u00e3o de Imposto Municipal sobre Im\u00f3veis (IMI) que \u00e9 atribu\u00edda a pessoas com rendimentos e patrim\u00f3nio imobili\u00e1rio de baixo valor chegou este ano a 1,17 milh\u00f5es de contribuintes.<\/p>\n<p style=\"text-align: justify;\">Relativamente ao ano de 2018, a isen\u00e7\u00e3o de IMI para pr\u00e9dios de reduzido valor patrimonial de sujeitos passivos de baixos rendimentos foi reconhecida a 1.170.789 contribuintes, de acordo com dados divulgados por fonte oficial do Minist\u00e9rio das Finan\u00e7as.<\/p>\n<p style=\"text-align: justify;\">Em causa est\u00e1 um benef\u00edcio que \u00e9 atribu\u00eddo de forma autom\u00e1tica pela Autoridade Tribut\u00e1ria e Aduaneira aos propriet\u00e1rios de im\u00f3veis de valor patrimonial inferior a 66.500 euros e com agregados familiares cujo rendimento bruto anual n\u00e3o exceda 2,3 indexantes de apoios sociais, ou seja, 15.295 euros (475 euros x 14 meses x 2,3 IAS).<\/p>\n<p style=\"text-align: justify;\">Os dados do Minist\u00e9rio das Finan\u00e7as referem-se ao IMI relativo a 2018, ainda que o efeito pr\u00e1tico da isen\u00e7\u00e3o diga respeito a 2019.<\/p>\n<p style=\"text-align: justify;\">Os \u00faltimos dados dispon\u00edveis dizem respeito a 2017, ano em que foram concedidas 1.240.835 destas isen\u00e7\u00f5es por baixos rendimentos e patrim\u00f3nio de reduzido valor.<\/p>\n<p style=\"text-align: justify;\">Quem n\u00e3o re\u00fane os crit\u00e9rios para ter direito a esta isen\u00e7\u00e3o pode, ainda assim, beneficiar de um per\u00edodo m\u00e1ximo de tr\u00eas anos sem pagar IMI desde que o im\u00f3vel em causa tenha um valor patrimonial tribut\u00e1rio inferior a 125.000 euros, e que o rendimento colet\u00e1vel no ano anterior ao da aquisi\u00e7\u00e3o n\u00e3o tenha excedido os 153.300 euros.<\/p>\n<p style=\"text-align: justify;\">A Nominaurea \u00e9 uma empresa com larga experi\u00eancia em gest\u00e3o de contabilidade e assessoria fiscal, presta servi\u00e7os \u00e0s empresas no sentido de promover a otimiza\u00e7\u00e3o das pol\u00edticas contabil\u00edsticas e fiscais adaptadas a cada situa\u00e7\u00e3o.<\/p>\n<p style=\"text-align: justify;\">Numa conjuntura econ\u00f3mica desfavor\u00e1vel e com elevada carga fiscal a assessoria de contabilidade \u00e9 uma ferramenta indispens\u00e1vel para as empresas.<\/p>\n<p style=\"text-align: justify;\">A Nominaurea \u00e9 uma empresa que tem uma equipa de <strong>Contabilistas Certificados<\/strong> competentes para ajudar no cumprimento de todas as declara\u00e7\u00f5es de gest\u00e3o e fiscais no sentido de preparar toda a tramita\u00e7\u00e3o necess\u00e1ria para um r\u00e1pido enquadramento das empresas \u00e0s altera\u00e7\u00f5es contabil\u00edsticas resultantes da nova legisla\u00e7\u00e3o.<\/p>\n<p style=\"text-align: justify;\">Nominaurea presta <strong>servi\u00e7os de contabilidade em Lisboa<\/strong> e estamos dispon\u00edveis para quaisquer esclarecimentos que tenham por convenientes.<\/p>\n<p>&nbsp;<\/p>\n","protected":false},"excerpt":{"rendered":"<p>Flash Not\u00edcias NA 3\/2019 Isen\u00e7\u00e3o autom\u00e1tica de IMI chegou este ano a 1,17 milh\u00f5es de contribuintes A isen\u00e7\u00e3o de Imposto Municipal sobre Im\u00f3veis (IMI) que \u00e9 atribu\u00edda a pessoas com rendimentos e patrim\u00f3nio imobili\u00e1rio de baixo valor chegou este ano a 1,17 milh\u00f5es de contribuintes. Em causa est\u00e1 um benef\u00edcio que \u00e9 atribu\u00eddo de forma [&hellip;]<\/p>\n","protected":false},"author":2,"featured_media":0,"comment_status":"closed","ping_status":"open","sticky":false,"template":"","format":"standard","meta":{"footnotes":""},"categories":[11],"tags":[],"class_list":["post-2779","post","type-post","status-publish","format-standard","hentry","category-publicaciones"],"_links":{"self":[{"href":"https:\/\/www.nominaurea.pt\/es\/wp-json\/wp\/v2\/posts\/2779","targetHints":{"allow":["GET"]}}],"collection":[{"href":"https:\/\/www.nominaurea.pt\/es\/wp-json\/wp\/v2\/posts"}],"about":[{"href":"https:\/\/www.nominaurea.pt\/es\/wp-json\/wp\/v2\/types\/post"}],"author":[{"embeddable":true,"href":"https:\/\/www.nominaurea.pt\/es\/wp-json\/wp\/v2\/users\/2"}],"replies":[{"embeddable":true,"href":"https:\/\/www.nominaurea.pt\/es\/wp-json\/wp\/v2\/comments?post=2779"}],"version-history":[{"count":1,"href":"https:\/\/www.nominaurea.pt\/es\/wp-json\/wp\/v2\/posts\/2779\/revisions"}],"predecessor-version":[{"id":2789,"href":"https:\/\/www.nominaurea.pt\/es\/wp-json\/wp\/v2\/posts\/2779\/revisions\/2789"}],"wp:attachment":[{"href":"https:\/\/www.nominaurea.pt\/es\/wp-json\/wp\/v2\/media?parent=2779"}],"wp:term":[{"taxonomy":"category","embeddable":true,"href":"https:\/\/www.nominaurea.pt\/es\/wp-json\/wp\/v2\/categories?post=2779"},{"taxonomy":"post_tag","embeddable":true,"href":"https:\/\/www.nominaurea.pt\/es\/wp-json\/wp\/v2\/tags?post=2779"}],"curies":[{"name":"wp","href":"https:\/\/api.w.org\/{rel}","templated":true}]}}