{"id":2747,"date":"2019-10-03T17:00:00","date_gmt":"2019-10-03T17:00:00","guid":{"rendered":"https:\/\/www.nominaurea.pt\/noticias\/converte\/"},"modified":"2025-10-22T08:25:32","modified_gmt":"2025-10-22T08:25:32","slug":"converte","status":"publish","type":"post","link":"https:\/\/www.nominaurea.pt\/es\/noticias\/converte\/","title":{"rendered":"Converte +"},"content":{"rendered":"<h5 class=\"bto-encabezamiento\">Flash Not\u00edcias NA 9\/2019<\/h5>\n<h5>Converte +<\/h5>\n<p style=\"text-align: justify;\">O departamento de recursos Humanos da Nominaurea vem abordar o tema da nova medida CONVERTE +.<\/p>\n<p style=\"text-align: justify;\">A publica\u00e7\u00e3o da Portaria n.\u00ba 323\/2019, de 19 de setembro, criou a medida CONVERTE+, a partir deste momento as entidades empregadoras passaram a ter acesso a um novo apoio financeiro atribu\u00eddo pela convers\u00e3o de contratos de trabalho a termo em contratos de trabalho sem termo.<\/p>\n<p style=\"text-align: justify;\">Este novo apoio financeiro, de car\u00e1cter transit\u00f3rio, tem o valor de 4 vezes a remunera\u00e7\u00e3o base mensal prevista no contrato de trabalho sem termo, at\u00e9 ao limite de \u20ac 3.050,32 (7 vezes o IAS) e tem como principais objetivos combater o desemprego e promover a melhoria e a qualidade do emprego, incentivando v\u00ednculos laborais mais est\u00e1veis.<\/p>\n<p style=\"text-align: justify;\">Podem candidatar-se a esta medida todas as pessoas singulares e coletivas de direito privado.<\/p>\n<p style=\"text-align: justify;\">Podem tamb\u00e9m candidatar-se as empresas que iniciaram processo especial de revitaliza\u00e7\u00e3o (CIRE), processo de acordo (RERE) ou processo de revitaliza\u00e7\u00e3o anterior ao RERE, devendo para o efeito fazer prova dessa situa\u00e7\u00e3o nos termos previstos na lei.<\/p>\n<p style=\"text-align: justify;\">O apoio pode ainda ser majorado quando a convers\u00e3o for relativa a um contrato:<\/p>\n<p style=\"text-align: justify;\">&#8211; Celebrado com trabalhadores com dificuldades particulares de acesso ao emprego (por exemplo: pessoa com defici\u00eancia e incapacidade);<\/p>\n<p style=\"text-align: justify;\">&#8211; Relativo a posto de trabalho localizado em territ\u00f3rio economicamente desfavorecido;<\/p>\n<p style=\"text-align: justify;\">&#8211; Celebrado com trabalhador do sexo sub-representado em determinada profiss\u00e3o.<\/p>\n<p style=\"text-align: justify;\">Com as majora\u00e7\u00f5es, que s\u00e3o cumul\u00e1veis entre si, o valor do apoio pode atingir o m\u00e1ximo de \u20ac 4.575,48.<\/p>\n<p style=\"text-align: justify;\">As candidaturas est\u00e3o abertas desde as 9h do dia 20 de setembro at\u00e9 \u00e0s 18h do dia 31 de dezembro e devem ser submetidas pelas entidades empregadoras atrav\u00e9s do portal iefponline.<\/p>\n<p style=\"text-align: justify;\">S\u00e3o eleg\u00edveis os contratos de trabalho a termo (certo ou incerto), que tenham sido celebrados antes da data de abertura das candidaturas e cuja convers\u00e3o ocorra a partir do dia 21 de setembro de 2019, inclusive.<\/p>\n<p style=\"text-align: justify;\">A NOMINAUREA tem escrit\u00f3rios em Lisboa e no Porto que trabalham de forma fi\u00e1vel e em estreita colabora\u00e7\u00e3o com os seus clientes.<\/p>\n<p style=\"text-align: justify;\">Esta estrutura, permite-nos estar presentes em todos os procedimentos chave de forma a sugerir as melhores solu\u00e7\u00f5es a todos os nossos clientes.<\/p>\n<p style=\"text-align: justify;\">Antes de se candidatar a este novo apoio recomendamos que consulte o departamento de Recursos Humanos da Nominaurea.<\/p>\n","protected":false},"excerpt":{"rendered":"<p>Flash Not\u00edcias NA 9\/2019 Converte + O departamento de recursos Humanos da Nominaurea vem abordar o tema da nova medida CONVERTE +. A publica\u00e7\u00e3o da Portaria n.\u00ba 323\/2019, de 19 de setembro, criou a medida CONVERTE+, a partir deste momento as entidades empregadoras passaram a ter acesso a um novo apoio financeiro atribu\u00eddo pela convers\u00e3o [&hellip;]<\/p>\n","protected":false},"author":2,"featured_media":0,"comment_status":"closed","ping_status":"open","sticky":false,"template":"","format":"standard","meta":{"footnotes":""},"categories":[11],"tags":[],"class_list":["post-2747","post","type-post","status-publish","format-standard","hentry","category-publicaciones"],"_links":{"self":[{"href":"https:\/\/www.nominaurea.pt\/es\/wp-json\/wp\/v2\/posts\/2747","targetHints":{"allow":["GET"]}}],"collection":[{"href":"https:\/\/www.nominaurea.pt\/es\/wp-json\/wp\/v2\/posts"}],"about":[{"href":"https:\/\/www.nominaurea.pt\/es\/wp-json\/wp\/v2\/types\/post"}],"author":[{"embeddable":true,"href":"https:\/\/www.nominaurea.pt\/es\/wp-json\/wp\/v2\/users\/2"}],"replies":[{"embeddable":true,"href":"https:\/\/www.nominaurea.pt\/es\/wp-json\/wp\/v2\/comments?post=2747"}],"version-history":[{"count":1,"href":"https:\/\/www.nominaurea.pt\/es\/wp-json\/wp\/v2\/posts\/2747\/revisions"}],"predecessor-version":[{"id":2760,"href":"https:\/\/www.nominaurea.pt\/es\/wp-json\/wp\/v2\/posts\/2747\/revisions\/2760"}],"wp:attachment":[{"href":"https:\/\/www.nominaurea.pt\/es\/wp-json\/wp\/v2\/media?parent=2747"}],"wp:term":[{"taxonomy":"category","embeddable":true,"href":"https:\/\/www.nominaurea.pt\/es\/wp-json\/wp\/v2\/categories?post=2747"},{"taxonomy":"post_tag","embeddable":true,"href":"https:\/\/www.nominaurea.pt\/es\/wp-json\/wp\/v2\/tags?post=2747"}],"curies":[{"name":"wp","href":"https:\/\/api.w.org\/{rel}","templated":true}]}}