{"id":2716,"date":"2019-11-28T00:00:00","date_gmt":"2019-11-28T00:00:00","guid":{"rendered":"https:\/\/www.nominaurea.pt\/noticias\/iva-autoliquidacao-nas-operacoes-internas\/"},"modified":"2025-10-22T08:08:26","modified_gmt":"2025-10-22T08:08:26","slug":"iva-autoliquidacao-nas-operacoes-internas","status":"publish","type":"post","link":"https:\/\/www.nominaurea.pt\/es\/noticias\/iva-autoliquidacao-nas-operacoes-internas\/","title":{"rendered":"IVA \u2013 Autoliquidaci\u00f3n en operaciones internas"},"content":{"rendered":"<h5 class=\"bto-encabezamiento\">Flash Noticias NA 13\/2019<\/h5>\n<p><strong>IVA \u2013 Autoliquidaci\u00f3n en operaciones internas<\/strong><\/p>\n<p>Nominaurea dedica este mes su atenci\u00f3n a un reciente criterio emitido por los servicios de IVA de la Autoridad Tributaria, a trav\u00e9s de una informaci\u00f3n vinculante, relativo a la autoliquidaci\u00f3n del IVA en operaciones internas.<\/p>\n<p>Seg\u00fan este nuevo entendimiento, el adquirente pasa a ser considerado el sujeto pasivo del impuesto en las operaciones internas entre sujetos pasivos de IVA (operaciones B2B).<\/p>\n<p>Este criterio se aplica a entregas de bienes y prestaciones de servicios gravadas en territorio nacional, realizadas por un sujeto pasivo no residente, sin establecimiento permanente ni representante fiscal, pero registrado a efectos de IVA en Portugal, cuando el adquirente sea un sujeto pasivo del impuesto en Portugal.<\/p>\n<p>La novedad introducida por este entendimiento de la Autoridad Tributaria es que, en este tipo de operaciones, pasa a aplicarse el mecanismo de inversi\u00f3n del sujeto pasivo (\u201creverse charge\u201d).<\/p>\n<p>Para acompa\u00f1ar y aclarar todas las cuestiones relacionadas con la autoliquidaci\u00f3n del IVA en operaciones internas, Nominaurea cuenta con un equipo de Contables Certificados que puede asesorarle en la correcta aplicaci\u00f3n de estas normas.<\/p>\n","protected":false},"excerpt":{"rendered":"<p>Flash Noticias NA 13\/2019 IVA \u2013 Autoliquidaci\u00f3n en operaciones internas Nominaurea dedica este mes su atenci\u00f3n a un reciente criterio emitido por los servicios de IVA de la Autoridad Tributaria, a trav\u00e9s de una informaci\u00f3n vinculante, relativo a la autoliquidaci\u00f3n del IVA en operaciones internas. Seg\u00fan este nuevo entendimiento, el adquirente pasa a ser considerado [&hellip;]<\/p>\n","protected":false},"author":2,"featured_media":0,"comment_status":"closed","ping_status":"open","sticky":false,"template":"","format":"standard","meta":{"footnotes":""},"categories":[11],"tags":[],"class_list":["post-2716","post","type-post","status-publish","format-standard","hentry","category-publicaciones"],"_links":{"self":[{"href":"https:\/\/www.nominaurea.pt\/es\/wp-json\/wp\/v2\/posts\/2716","targetHints":{"allow":["GET"]}}],"collection":[{"href":"https:\/\/www.nominaurea.pt\/es\/wp-json\/wp\/v2\/posts"}],"about":[{"href":"https:\/\/www.nominaurea.pt\/es\/wp-json\/wp\/v2\/types\/post"}],"author":[{"embeddable":true,"href":"https:\/\/www.nominaurea.pt\/es\/wp-json\/wp\/v2\/users\/2"}],"replies":[{"embeddable":true,"href":"https:\/\/www.nominaurea.pt\/es\/wp-json\/wp\/v2\/comments?post=2716"}],"version-history":[{"count":2,"href":"https:\/\/www.nominaurea.pt\/es\/wp-json\/wp\/v2\/posts\/2716\/revisions"}],"predecessor-version":[{"id":2731,"href":"https:\/\/www.nominaurea.pt\/es\/wp-json\/wp\/v2\/posts\/2716\/revisions\/2731"}],"wp:attachment":[{"href":"https:\/\/www.nominaurea.pt\/es\/wp-json\/wp\/v2\/media?parent=2716"}],"wp:term":[{"taxonomy":"category","embeddable":true,"href":"https:\/\/www.nominaurea.pt\/es\/wp-json\/wp\/v2\/categories?post=2716"},{"taxonomy":"post_tag","embeddable":true,"href":"https:\/\/www.nominaurea.pt\/es\/wp-json\/wp\/v2\/tags?post=2716"}],"curies":[{"name":"wp","href":"https:\/\/api.w.org\/{rel}","templated":true}]}}