{"id":2712,"date":"2020-01-24T00:00:00","date_gmt":"2020-01-24T00:00:00","guid":{"rendered":"https:\/\/www.nominaurea.pt\/noticias\/irs-modelo-3-2019\/"},"modified":"2025-10-22T08:03:16","modified_gmt":"2025-10-22T08:03:16","slug":"irs-modelo-3-2019","status":"publish","type":"post","link":"https:\/\/www.nominaurea.pt\/es\/noticias\/irs-modelo-3-2019\/","title":{"rendered":"IRPF \u2013 Modelo 3 de 2019"},"content":{"rendered":"<h5 class=\"bto-encabezamiento\" data-start=\"99\" data-end=\"130\">Flash Noticias NA 01\/2020<\/h5>\n<p data-start=\"131\" data-end=\"158\"><strong data-start=\"131\" data-end=\"158\">IRPF \u2013 Modelo 3 de 2019<\/strong><\/p>\n<p data-start=\"160\" data-end=\"307\">Este mes, <strong data-start=\"170\" data-end=\"184\">Nominaurea<\/strong> aborda la cuesti\u00f3n de los <strong data-start=\"211\" data-end=\"306\">plazos para la preparaci\u00f3n y presentaci\u00f3n del modelo 3 del IRPF correspondiente al a\u00f1o 2019<\/strong>.<\/p>\n<p data-start=\"309\" data-end=\"596\">En el <strong data-start=\"315\" data-end=\"337\">Portal de Finanzas<\/strong> se pueden consultar todas las fechas de entrega de la declaraci\u00f3n del IRPF en 2020, referente a los ingresos de 2019.<br data-start=\"455\" data-end=\"458\" \/>A partir del pr\u00f3ximo mes de <strong data-start=\"486\" data-end=\"497\">febrero<\/strong>, debe prestar atenci\u00f3n a estos plazos para <strong data-start=\"541\" data-end=\"595\">no perder ning\u00fan derecho ni tener que pagar multas<\/strong>.<\/p>\n<p data-start=\"598\" data-end=\"657\">As\u00ed, este a\u00f1o deber\u00e1 tener presentes las siguientes fechas:<\/p>\n<hr data-start=\"659\" data-end=\"662\" \/>\n<h3 data-start=\"664\" data-end=\"687\"><strong data-start=\"668\" data-end=\"687\">Febrero de 2020<\/strong><\/h3>\n<p data-start=\"689\" data-end=\"754\">En el mes de febrero hay <strong data-start=\"714\" data-end=\"740\">dos plazos importantes<\/strong> que recordar:<\/p>\n<h4 data-start=\"756\" data-end=\"780\"><strong data-start=\"761\" data-end=\"780\">Hasta el d\u00eda 17<\/strong><\/h4>\n<p data-start=\"782\" data-end=\"1209\">Esta es la <strong data-start=\"793\" data-end=\"858\">fecha l\u00edmite para comunicar la composici\u00f3n del hogar familiar<\/strong> por v\u00eda electr\u00f3nica.<br data-start=\"879\" data-end=\"882\" \/>Si su situaci\u00f3n familiar o personal ha cambiado (nacimiento de hijos, matrimonio, divorcio, fallecimiento del c\u00f3nyuge, cambio de residencia permanente, hijos en custodia compartida o hijos que han dejado de ser considerados dependientes), debe comunicarlo a la <strong data-start=\"1143\" data-end=\"1172\">Autoridad Tributaria (AT)<\/strong> a trav\u00e9s del <strong data-start=\"1186\" data-end=\"1208\">Portal de Finanzas<\/strong>.<\/p>\n<p data-start=\"1211\" data-end=\"1350\">Si no realiza dicha actualizaci\u00f3n, se considerar\u00e1n las informaciones familiares y personales declaradas en la \u00faltima presentaci\u00f3n del IRPF.<\/p>\n<p data-start=\"1352\" data-end=\"1518\">Si <strong data-start=\"1355\" data-end=\"1374\">no hubo cambios<\/strong> en su situaci\u00f3n familiar o personal desde la \u00faltima declaraci\u00f3n, basta con <strong data-start=\"1450\" data-end=\"1518\">verificar que sus datos en el Portal de Finanzas sean correctos.<\/strong><\/p>\n<h4 data-start=\"1520\" data-end=\"1544\"><strong data-start=\"1525\" data-end=\"1544\">Hasta el d\u00eda 25<\/strong><\/h4>\n<p data-start=\"1546\" data-end=\"1774\">El <strong data-start=\"1549\" data-end=\"1566\">25 de febrero<\/strong> es la <strong data-start=\"1573\" data-end=\"1631\">fecha l\u00edmite para revisar todas las facturas de gastos<\/strong> en su p\u00e1gina personal del <strong data-start=\"1658\" data-end=\"1671\">e-factura<\/strong>, dentro del Portal de Finanzas.<br data-start=\"1703\" data-end=\"1706\" \/>Si tiene hijos, tambi\u00e9n debe verificar los gastos asociados a ellos.<\/p>\n<p data-start=\"1776\" data-end=\"2098\">Para los <strong data-start=\"1785\" data-end=\"1811\">trabajadores aut\u00f3nomos<\/strong> que est\u00e9n bajo el <strong data-start=\"1830\" data-end=\"1854\">r\u00e9gimen simplificado<\/strong>, esta es tambi\u00e9n la <strong data-start=\"1875\" data-end=\"1918\">fecha l\u00edmite para justificar los gastos<\/strong>, un procedimiento que comenz\u00f3 en 2019.<br data-start=\"1957\" data-end=\"1960\" \/>El 25 de febrero ser\u00e1 el <strong data-start=\"1985\" data-end=\"2028\">\u00faltimo d\u00eda para indicar en el e-factura<\/strong> si los gastos presentados son <strong data-start=\"2059\" data-end=\"2098\">personales, profesionales o mixtos.<\/strong><\/p>\n<hr data-start=\"2100\" data-end=\"2103\" \/>\n<h3 data-start=\"2105\" data-end=\"2126\"><strong data-start=\"2109\" data-end=\"2126\">Marzo de 2020<\/strong><\/h3>\n<p data-start=\"2128\" data-end=\"2231\">Marzo tambi\u00e9n trae algunos <strong data-start=\"2155\" data-end=\"2197\">cambios en los procedimientos del IRPF<\/strong> y <strong data-start=\"2200\" data-end=\"2231\">dos plazos importantes m\u00e1s:<\/strong><\/p>\n<h4 data-start=\"2233\" data-end=\"2257\"><strong data-start=\"2238\" data-end=\"2257\">Hasta el d\u00eda 15<\/strong><\/h4>\n<p data-start=\"2259\" data-end=\"2451\">Hasta esta fecha estar\u00e1n disponibles, en el <strong data-start=\"2303\" data-end=\"2325\">Portal de Finanzas<\/strong>, los <strong data-start=\"2331\" data-end=\"2371\">importes de las deducciones fiscales<\/strong> correspondientes a los gastos comprobados mediante facturas y otros documentos.<\/p>\n<p data-start=\"2453\" data-end=\"2864\">Esta informaci\u00f3n se mostrar\u00e1 en una <strong data-start=\"2489\" data-end=\"2537\">nueva p\u00e1gina personal del Portal de Finanzas<\/strong>, diferente de la del e-factura.<br data-start=\"2569\" data-end=\"2572\" \/>Adem\u00e1s de los gastos con factura, en esta p\u00e1gina podr\u00e1 consultar <strong data-start=\"2637\" data-end=\"2675\">otros gastos deducibles en el IRPF<\/strong> realizados en <strong data-start=\"2690\" data-end=\"2730\">entidades exentas de emitir facturas<\/strong>, como los <strong data-start=\"2741\" data-end=\"2864\">intereses del pr\u00e9stamo hipotecario, alquileres de vivienda, tasas m\u00e9dicas y matr\u00edculas de centros de ense\u00f1anza p\u00fablica.<\/strong><\/p>\n<h4 data-start=\"2866\" data-end=\"2890\"><strong data-start=\"2871\" data-end=\"2890\">Hasta el d\u00eda 31<\/strong><\/h4>\n<p data-start=\"2892\" data-end=\"3125\">Entre el <strong data-start=\"2901\" data-end=\"2924\">15 y el 31 de marzo<\/strong>, en caso de <strong data-start=\"2937\" data-end=\"2953\">discrepancia<\/strong> con los gastos generales y familiares o con los <strong data-start=\"3002\" data-end=\"3044\">beneficios por la exigencia de factura<\/strong> calculados por la AT, se puede <strong data-start=\"3076\" data-end=\"3125\">presentar una reclamaci\u00f3n ante dicha entidad.<\/strong><\/p>\n<p data-start=\"3127\" data-end=\"3431\">En cuanto a las deducciones por <strong data-start=\"3159\" data-end=\"3203\">salud, educaci\u00f3n, vivienda y residencias<\/strong>, no es posible reclamar en esta fase, ya que existe la posibilidad de <strong data-start=\"3274\" data-end=\"3321\">modificar esos valores al presentar el IRPF<\/strong>, pero <strong data-start=\"3328\" data-end=\"3364\">solo en la declaraci\u00f3n Modelo 3.<\/strong><br data-start=\"3364\" data-end=\"3367\" \/>En el <strong data-start=\"3373\" data-end=\"3392\">IRPF autom\u00e1tico<\/strong>, no se pueden efectuar modificaciones.<\/p>\n<p data-start=\"3433\" data-end=\"3665\">Al igual que en 2019, en este per\u00edodo tambi\u00e9n podr\u00e1 <strong data-start=\"3485\" data-end=\"3569\">elegir la entidad a la que desea destinar una parte del IRPF o del IVA (o ambos)<\/strong>.<br data-start=\"3570\" data-end=\"3573\" \/>Esta opci\u00f3n tiene un \u00e1rea espec\u00edfica, con acceso directo, dentro del <strong data-start=\"3642\" data-end=\"3665\">Portal de Finanzas.<\/strong><\/p>\n<hr data-start=\"3667\" data-end=\"3670\" \/>\n<h3 data-start=\"3672\" data-end=\"3707\"><strong data-start=\"3676\" data-end=\"3707\">Entre abril y junio de 2020<\/strong><\/h3>\n<p data-start=\"3709\" data-end=\"3885\">La presentaci\u00f3n del <strong data-start=\"3729\" data-end=\"3745\">IRPF de 2020<\/strong>, correspondiente a los ingresos obtenidos en 2019, se realiza <strong data-start=\"3808\" data-end=\"3841\">del 1 de abril al 30 de junio<\/strong>, independientemente del tipo de ingresos.<\/p>\n<p data-start=\"3887\" data-end=\"4097\">Por lo general, los contables <strong data-start=\"3917\" data-end=\"3984\">no recomiendan presentar la declaraci\u00f3n en los primeros 15 d\u00edas<\/strong>, ya que el sistema cambia cada a\u00f1o y las modificaciones se prueban en un entorno real durante los primeros d\u00edas.<\/p>\n<p data-start=\"4099\" data-end=\"4229\">Si presenta el IRPF en <strong data-start=\"4122\" data-end=\"4138\">abril o mayo<\/strong> y tiene <strong data-start=\"4147\" data-end=\"4171\">derecho a devoluci\u00f3n<\/strong>, deber\u00eda recibir el dinero <strong data-start=\"4199\" data-end=\"4229\">antes de finales de junio.<\/strong><\/p>\n<hr data-start=\"4231\" data-end=\"4234\" \/>\n<h3 data-start=\"4236\" data-end=\"4257\"><strong data-start=\"4240\" data-end=\"4257\">Julio de 2020<\/strong><\/h3>\n<h4 data-start=\"4259\" data-end=\"4283\"><strong data-start=\"4264\" data-end=\"4283\">Hasta el d\u00eda 31<\/strong><\/h4>\n<p data-start=\"4285\" data-end=\"4534\">La <strong data-start=\"4288\" data-end=\"4317\">Autoridad Tributaria (AT)<\/strong> debe enviar la <strong data-start=\"4333\" data-end=\"4357\">liquidaci\u00f3n del IRPF<\/strong> antes del <strong data-start=\"4368\" data-end=\"4391\">\u00faltimo d\u00eda de julio<\/strong>, siempre que la declaraci\u00f3n se haya presentado dentro del plazo legal.<br data-start=\"4462\" data-end=\"4465\" \/>En ese documento, la AT muestra <strong data-start=\"4497\" data-end=\"4534\">c\u00f3mo se ha calculado el impuesto.<\/strong><\/p>\n<p data-start=\"4536\" data-end=\"4598\">Este tambi\u00e9n es el <strong data-start=\"4555\" data-end=\"4598\">plazo m\u00e1ximo para recibir el reembolso.<\/strong><\/p>\n<hr data-start=\"4600\" data-end=\"4603\" \/>\n<h3 data-start=\"4605\" data-end=\"4627\"><strong data-start=\"4609\" data-end=\"4627\">Agosto de 2020<\/strong><\/h3>\n<h4 data-start=\"4629\" data-end=\"4653\"><strong data-start=\"4634\" data-end=\"4653\">Hasta el d\u00eda 31<\/strong><\/h4>\n<p data-start=\"4655\" data-end=\"4851\">Este mes marca el per\u00edodo para <strong data-start=\"4686\" data-end=\"4705\">pagar al Estado<\/strong> en caso de que el contribuyente <strong data-start=\"4738\" data-end=\"4780\">no tenga derecho a reembolso del IRPF.<\/strong><br data-start=\"4780\" data-end=\"4783\" \/>El <strong data-start=\"4786\" data-end=\"4851\">plazo para el pago de este impuesto finaliza el 31 de agosto.<\/strong><\/p>\n<hr data-start=\"4853\" data-end=\"4856\" \/>\n<p data-start=\"4858\" data-end=\"5079\"><strong data-start=\"4858\" data-end=\"4872\">Nominaurea<\/strong> ofrece <strong data-start=\"4880\" data-end=\"4928\">servicios de contabilidad en Lisboa y Oporto<\/strong>, y estamos disponibles para cualquier aclaraci\u00f3n que considere necesaria al momento de <strong data-start=\"5016\" data-end=\"5079\">presentar su modelo 3 de IRPF ante la Autoridad Tributaria.<\/strong><\/p>\n","protected":false},"excerpt":{"rendered":"<p>Flash Noticias NA 01\/2020 IRPF \u2013 Modelo 3 de 2019 Este mes, Nominaurea aborda la cuesti\u00f3n de los plazos para la preparaci\u00f3n y presentaci\u00f3n del modelo 3 del IRPF correspondiente al a\u00f1o 2019. En el Portal de Finanzas se pueden consultar todas las fechas de entrega de la declaraci\u00f3n del IRPF en 2020, referente a [&hellip;]<\/p>\n","protected":false},"author":2,"featured_media":0,"comment_status":"closed","ping_status":"open","sticky":false,"template":"","format":"standard","meta":{"footnotes":""},"categories":[11],"tags":[],"class_list":["post-2712","post","type-post","status-publish","format-standard","hentry","category-publicaciones"],"_links":{"self":[{"href":"https:\/\/www.nominaurea.pt\/es\/wp-json\/wp\/v2\/posts\/2712","targetHints":{"allow":["GET"]}}],"collection":[{"href":"https:\/\/www.nominaurea.pt\/es\/wp-json\/wp\/v2\/posts"}],"about":[{"href":"https:\/\/www.nominaurea.pt\/es\/wp-json\/wp\/v2\/types\/post"}],"author":[{"embeddable":true,"href":"https:\/\/www.nominaurea.pt\/es\/wp-json\/wp\/v2\/users\/2"}],"replies":[{"embeddable":true,"href":"https:\/\/www.nominaurea.pt\/es\/wp-json\/wp\/v2\/comments?post=2712"}],"version-history":[{"count":3,"href":"https:\/\/www.nominaurea.pt\/es\/wp-json\/wp\/v2\/posts\/2712\/revisions"}],"predecessor-version":[{"id":2727,"href":"https:\/\/www.nominaurea.pt\/es\/wp-json\/wp\/v2\/posts\/2712\/revisions\/2727"}],"wp:attachment":[{"href":"https:\/\/www.nominaurea.pt\/es\/wp-json\/wp\/v2\/media?parent=2712"}],"wp:term":[{"taxonomy":"category","embeddable":true,"href":"https:\/\/www.nominaurea.pt\/es\/wp-json\/wp\/v2\/categories?post=2712"},{"taxonomy":"post_tag","embeddable":true,"href":"https:\/\/www.nominaurea.pt\/es\/wp-json\/wp\/v2\/tags?post=2712"}],"curies":[{"name":"wp","href":"https:\/\/api.w.org\/{rel}","templated":true}]}}