{"id":2689,"date":"2020-03-23T10:00:00","date_gmt":"2020-03-23T10:00:00","guid":{"rendered":"https:\/\/www.nominaurea.pt\/noticias\/medidas-de-apoio-excecional-a-familia\/"},"modified":"2025-10-22T07:44:54","modified_gmt":"2025-10-22T07:44:54","slug":"medidas-de-apoio-excecional-a-familia","status":"publish","type":"post","link":"https:\/\/www.nominaurea.pt\/es\/noticias\/medidas-de-apoio-excecional-a-familia\/","title":{"rendered":"Medidas excepcionales de apoyo familiar"},"content":{"rendered":"<h5 class=\"bto-encabezamiento\">Flash Noticias NA 05\/2020 &#8211; COVID-19<\/h5>\n<h5>Medidas excepcionales de apoyo familiar<\/h5>\n<p style=\"text-align: justify;\">Como todos sabemos, la Organizaci\u00f3n Mundial de la Salud (OMS) decret\u00f3 una pandemia por la evoluci\u00f3n del brote epidemiol\u00f3gico del COVID-19. Por este motivo, la Seguridad Social Portuguesa public\u00f3 un informe en el d\u00eda 22\/03\/2020 para aclarar algunas dudas, sobre los mecanismos implementados por el Gobierno Portugu\u00e9s, para garantizar la r\u00e1pida implementaci\u00f3n de medidas extraordinarias de apoyo a las familias.<\/p>\n<hr id=\"system-readmore\" \/>\n<p><a target=\"_self\"><img decoding=\"async\" style=\"float: right; margin-left: 10px;\" src=\"images\/volver.png\" alt=\"\" data-alt=\"Volver\" \/><\/a><\/p>\n<p><img decoding=\"async\" style=\"display: block; margin-left: auto; margin-right: auto;\" src=\"newsletters\/portugues\/2020\/imagen_1.png\" alt=\"Medidas excepcionales de apoyo familiar\" width=\"175\" height=\"117\" \/><\/p>\n<p style=\"text-align: justify;\">Las aclaraciones divulgadas por la Seguridad Social en el d\u00eda 22\/03\/2020, fueron las siguientes:<\/p>\n<p style=\"text-align: justify;\"><strong>\u00bfQU\u00c9?<\/strong><\/p>\n<p style=\"text-align: justify;\">La Seguridad Social est\u00e1 desarrollando mecanismos para garantizar la r\u00e1pida implementaci\u00f3n de medidas extraordinarias aprobadas por el Gobierno, concretamente, el apoyo a las familias, aplicable a:<\/p>\n<p style=\"text-align: justify; padding-left: 30px;\">\u2022\u00a0Cuando no haya otras formas de proporcionar la actividad, concretamente por teletrabajo;<\/p>\n<p style=\"text-align: justify; padding-left: 30px;\">\u2022\u00a0Fuera de los per\u00edodos de vacaciones escolares;<\/p>\n<p style=\"text-align: justify; padding-left: 30px;\">\u2022\u00a0Cuando el ni\u00f1o tiene menos de 12 a\u00f1os.<\/p>\n<p style=\"text-align: justify;\">El importe de esta ayuda corresponde a 2\/3 de la remuneraci\u00f3n base del trabajador, pagada en partes iguales, por la Seguridad Social y por el Empleador, y se calcula de acuerdo con el n\u00famero de d\u00edas sin trabajar, con un l\u00edmite m\u00e1ximo de 3 salarios m\u00ednimos nacionales.<\/p>\n<p style=\"text-align: justify;\">La entidad empleadora tendr\u00e1 una exenci\u00f3n del 50% de la contribuci\u00f3n a la seguridad social bajo su responsabilidad.<\/p>\n<p style=\"text-align: justify;\">Este apoyo solamente puede ser desfrutado por uno de los padres.<\/p>\n<p style=\"text-align: justify;\"><strong>\u00bfC\u00d3MO?<\/strong><\/p>\n<p style=\"text-align: justify;\"><span style=\"text-decoration: underline;\">Trabajador<\/span>:<\/p>\n<p style=\"text-align: justify;\">Debe enviar el formulario de la declaraci\u00f3n al Empleador (Mod.GF88-DGSS), disponible en la p\u00e1gina web de la Seguridad Social, para justificar su ausencia del trabajo e informar su situaci\u00f3n.<\/p>\n<p style=\"text-align: justify;\"><span style=\"text-decoration: underline;\">Entidad Empleadora<\/span>:<\/p>\n<p style=\"text-align: justify;\">El Empleador, despu\u00e9s de certificar que no hay condiciones para el teletrabajo, debe completar el formulario adecuado disponible en la p\u00e1gina web SSDIRECTA (www.seg-social.pt).<\/p>\n<p style=\"text-align: justify;\">Deber\u00e1 mantener las declaraciones en su poder en el caso de inspecci\u00f3n.<\/p>\n<p style=\"text-align: justify;\"><strong>\u00bfC\u00daANDO?<\/strong><\/p>\n<p style=\"text-align: justify;\">A partir del d\u00eda 30 de marzo de 2020, el Empleador debe completar el formulario y registrarse indicando el IBAN para el pago de la ayuda de la Seguridad Social en SSDIRECTA (www.seg-social.pt). El Empleador es responsable de pagar al trabajador.<\/p>\n<p style=\"text-align: justify;\">Para m\u00e1s informaciones, tenga en cuenta las nuevas publicaciones disponibles en el Portal de la Seguridad Social, en <a href=\"http:\/\/www.seg-social.pt\" target=\"_blank\" rel=\"noopener\"><strong>www.seg-social.pt<\/strong><\/a>.<\/p>\n<p style=\"text-align: justify;\">Nominaurea es una empresa de servicios de contabilidad y asesor\u00eda fiscal con oficinas en Lisboa y Oporto y estamos disponibles para cualquier aclaraci\u00f3n que considere conveniente en este momento excepcional por el que estamos pasando, motivados por la pandemia del COVID-19.<\/p>\n","protected":false},"excerpt":{"rendered":"<p>Flash Noticias NA 05\/2020 &#8211; COVID-19 Medidas excepcionales de apoyo familiar Como todos sabemos, la Organizaci\u00f3n Mundial de la Salud (OMS) decret\u00f3 una pandemia por la evoluci\u00f3n del brote epidemiol\u00f3gico del COVID-19. Por este motivo, la Seguridad Social Portuguesa public\u00f3 un informe en el d\u00eda 22\/03\/2020 para aclarar algunas dudas, sobre los mecanismos implementados por [&hellip;]<\/p>\n","protected":false},"author":2,"featured_media":0,"comment_status":"closed","ping_status":"open","sticky":false,"template":"","format":"standard","meta":{"footnotes":""},"categories":[11],"tags":[],"class_list":["post-2689","post","type-post","status-publish","format-standard","hentry","category-publicaciones"],"_links":{"self":[{"href":"https:\/\/www.nominaurea.pt\/es\/wp-json\/wp\/v2\/posts\/2689","targetHints":{"allow":["GET"]}}],"collection":[{"href":"https:\/\/www.nominaurea.pt\/es\/wp-json\/wp\/v2\/posts"}],"about":[{"href":"https:\/\/www.nominaurea.pt\/es\/wp-json\/wp\/v2\/types\/post"}],"author":[{"embeddable":true,"href":"https:\/\/www.nominaurea.pt\/es\/wp-json\/wp\/v2\/users\/2"}],"replies":[{"embeddable":true,"href":"https:\/\/www.nominaurea.pt\/es\/wp-json\/wp\/v2\/comments?post=2689"}],"version-history":[{"count":2,"href":"https:\/\/www.nominaurea.pt\/es\/wp-json\/wp\/v2\/posts\/2689\/revisions"}],"predecessor-version":[{"id":2700,"href":"https:\/\/www.nominaurea.pt\/es\/wp-json\/wp\/v2\/posts\/2689\/revisions\/2700"}],"wp:attachment":[{"href":"https:\/\/www.nominaurea.pt\/es\/wp-json\/wp\/v2\/media?parent=2689"}],"wp:term":[{"taxonomy":"category","embeddable":true,"href":"https:\/\/www.nominaurea.pt\/es\/wp-json\/wp\/v2\/categories?post=2689"},{"taxonomy":"post_tag","embeddable":true,"href":"https:\/\/www.nominaurea.pt\/es\/wp-json\/wp\/v2\/tags?post=2689"}],"curies":[{"name":"wp","href":"https:\/\/api.w.org\/{rel}","templated":true}]}}