{"id":2687,"date":"2020-03-23T11:00:00","date_gmt":"2020-03-23T11:00:00","guid":{"rendered":"https:\/\/www.nominaurea.pt\/noticias\/medidas-de-apoio-excecional-iefp\/"},"modified":"2025-10-22T07:44:14","modified_gmt":"2025-10-22T07:44:14","slug":"medidas-de-apoio-excecional-iefp","status":"publish","type":"post","link":"https:\/\/www.nominaurea.pt\/es\/noticias\/medidas-de-apoio-excecional-iefp\/","title":{"rendered":"Medidas excepcionales de apoyo IEFP"},"content":{"rendered":"<h5 class=\"bto-encabezamiento\">Flash Noticias NA 06\/2020 &#8211; COVID-19<\/h5>\n<h5>Medidas excepcionales de apoyo IEFP<\/h5>\n<p style=\"text-align: justify;\">Debido a la evoluci\u00f3n del brote epidemiol\u00f3gico del COVID-19, el Instituto Portugu\u00e9s de Empleo y Formaci\u00f3n Profesional, desde el d\u00eda 22\/03\/2020 viene a informar sobre las medidas de apoyo extraordinarias que se est\u00e1n implementando para fomentar el mantenimiento de los empleos en Portugal.<\/p>\n<hr id=\"system-readmore\" \/>\n<p><a target=\"_self\"><img decoding=\"async\" style=\"float: right; margin-left: 10px;\" src=\"images\/volver.png\" alt=\"\" data-alt=\"Volver\" \/><\/a><\/p>\n<p><img decoding=\"async\" style=\"display: block; margin-left: auto; margin-right: auto;\" src=\"newsletters\/portugues\/2020\/imagen_2.png\" alt=\"Medidas excepcionales de apoyo IEFP\" \/><\/p>\n<p style=\"text-align: justify;\">Las medidas implementadas por el Instituto de Empleo y Formaci\u00f3n Profesional son las siguientes:<\/p>\n<p style=\"text-align: justify;\">Debido a la situaci\u00f3n de pandemia del COVID-19, el Gobierno ha estado adoptando una amplia lista de medidas para apoyar a las empresas y los ciudadanos, que incluyen medidas de apoyo extraordinario, temporal y de transici\u00f3n, para el mantenimiento de empleos y la mitigaci\u00f3n de situaciones de crisis empresarial, creadas por la <a title=\"Ordenanza n.\u00ba 71-A\/2020, de 15 de marzo\" href=\"https:\/\/dre.pt\/application\/file\/a\/130251740\" target=\"_blank\" rel=\"noopener\"><strong>Ordenanza n.\u00ba 71-A\/2020, de 15 de marzo<\/strong><\/a>, rectificada por la <a title=\"Declaraci\u00f3n de Retificaci\u00f3n n.\u00ba 11-C\/2020, de 16 de marzo\" href=\"https:\/\/dre.pt\/application\/file\/a\/130277529\" target=\"_blank\" rel=\"noopener\"><strong>Declaraci\u00f3n de Retificaci\u00f3n n.\u00ba 11-C\/2020, de 16 de marzo<\/strong><\/a>, y modificada por la <a title=\"Ordenanza n.\u00ba 76-B\/2020, de 18 de marzo\" href=\"https:\/\/dre.pt\/application\/file\/a\/130326407\" target=\"_blank\" rel=\"noopener\"><strong>Ordenanza n.\u00ba 76-B\/2020, de 18 de marzo<\/strong><\/a>.<\/p>\n<p style=\"text-align: justify;\">Esperamos que tan pronto cuanto est\u00e9 disponible en el sitio web del Instituto Portugu\u00e9s de Empleo y formaci\u00f3n Profesional <a title=\"www.iefp.pt\" href=\"http:\/\/www.iefp.pt\/\" target=\"_blank\" rel=\"noopener\"><strong>www.iefp.pt<\/strong><\/a> y en el portal <a title=\"portal iefponline\" href=\"https:\/\/iefponline.iefp.pt\/IEFP\" target=\"_blank\" rel=\"noopener\"><strong>portal iefponline<\/strong><\/a>, la regulaci\u00f3n de las medidas que son de su responsabilidad directa y la apertura de solicitudes para:<\/p>\n<p style=\"text-align: justify; padding-left: 30px;\">\u2022\u00a0El plan de entrenamiento extraordinario;<\/p>\n<p style=\"text-align: justify; padding-left: 30px;\">\u2022\u00a0Incentivo financiero extraordinario para apoyar la normalizaci\u00f3n de la actividad de la empresa.<\/p>\n<p style=\"text-align: justify;\">Para m\u00e1s informaci\u00f3n puede consultar la secci\u00f3n de preguntas frecuentes en el sitio web de IEFP y, para obtener m\u00e1s aclaraciones, puede acceder a la secci\u00f3n de dudas del <a title=\"COVID-19 en el portal de IEFP\" href=\"https:\/\/formularios.iefp.pt\/index.php\/274988?lang=pt\" target=\"_blank\" rel=\"noopener\"><strong>COVID-19 en el portal de IEFP<\/strong><\/a>.<\/p>\n<p style=\"text-align: justify;\">Los servicios del Instituto Portugu\u00e9s de Empleo y Formaci\u00f3n Profesional contin\u00faan trabajando para poder dar una respuesta r\u00e1pida a sus preguntas y necesidades, ya sea en relaci\u00f3n con las nuevas medidas o con toda la actividad de reclutamiento y las solicitudes de medidas de empleo.<\/p>\n<p style=\"text-align: justify;\">Puede, como siempre, ponerse en contacto con el Instituto Portugu\u00e9s de Empleo y Formaci\u00f3n Profesional por correo electr\u00f3nico y tel\u00e9fono, utilizando los contactos directos del servicio de empleo con el que generalmente se comunican, llamando al centro de contacto: +351 300 010 001 o a Nominaurea a trav\u00e9s de los contactos habituales: por tel\u00e9fono + 351 21 053 96 73 y por correo electr\u00f3nico geral@nominaurea.pt.<\/p>\n<p style=\"text-align: justify;\">Cuente con Nominaurea, para que juntos podamos superar, lo m\u00e1s r\u00e1pido posible, este momento especialmente dif\u00edcil.<\/p>\n","protected":false},"excerpt":{"rendered":"<p>Flash Noticias NA 06\/2020 &#8211; COVID-19 Medidas excepcionales de apoyo IEFP Debido a la evoluci\u00f3n del brote epidemiol\u00f3gico del COVID-19, el Instituto Portugu\u00e9s de Empleo y Formaci\u00f3n Profesional, desde el d\u00eda 22\/03\/2020 viene a informar sobre las medidas de apoyo extraordinarias que se est\u00e1n implementando para fomentar el mantenimiento de los empleos en Portugal. Las [&hellip;]<\/p>\n","protected":false},"author":2,"featured_media":0,"comment_status":"closed","ping_status":"open","sticky":false,"template":"","format":"standard","meta":{"footnotes":""},"categories":[11],"tags":[],"class_list":["post-2687","post","type-post","status-publish","format-standard","hentry","category-publicaciones"],"_links":{"self":[{"href":"https:\/\/www.nominaurea.pt\/es\/wp-json\/wp\/v2\/posts\/2687","targetHints":{"allow":["GET"]}}],"collection":[{"href":"https:\/\/www.nominaurea.pt\/es\/wp-json\/wp\/v2\/posts"}],"about":[{"href":"https:\/\/www.nominaurea.pt\/es\/wp-json\/wp\/v2\/types\/post"}],"author":[{"embeddable":true,"href":"https:\/\/www.nominaurea.pt\/es\/wp-json\/wp\/v2\/users\/2"}],"replies":[{"embeddable":true,"href":"https:\/\/www.nominaurea.pt\/es\/wp-json\/wp\/v2\/comments?post=2687"}],"version-history":[{"count":2,"href":"https:\/\/www.nominaurea.pt\/es\/wp-json\/wp\/v2\/posts\/2687\/revisions"}],"predecessor-version":[{"id":2698,"href":"https:\/\/www.nominaurea.pt\/es\/wp-json\/wp\/v2\/posts\/2687\/revisions\/2698"}],"wp:attachment":[{"href":"https:\/\/www.nominaurea.pt\/es\/wp-json\/wp\/v2\/media?parent=2687"}],"wp:term":[{"taxonomy":"category","embeddable":true,"href":"https:\/\/www.nominaurea.pt\/es\/wp-json\/wp\/v2\/categories?post=2687"},{"taxonomy":"post_tag","embeddable":true,"href":"https:\/\/www.nominaurea.pt\/es\/wp-json\/wp\/v2\/tags?post=2687"}],"curies":[{"name":"wp","href":"https:\/\/api.w.org\/{rel}","templated":true}]}}