{"id":2623,"date":"2020-06-21T00:00:00","date_gmt":"2020-06-21T00:00:00","guid":{"rendered":"https:\/\/www.nominaurea.pt\/noticias\/ies-da\/"},"modified":"2025-10-22T07:19:52","modified_gmt":"2025-10-22T07:19:52","slug":"ies-da","status":"publish","type":"post","link":"https:\/\/www.nominaurea.pt\/es\/noticias\/ies-da\/","title":{"rendered":"IES \/ Declaraci\u00f3n anual"},"content":{"rendered":"<h5 class=\"bto-encabezamiento\">Flash Noticias NA 18\/2020<\/h5>\n<h5>IES \/ Declaraci\u00f3n anual<\/h5>\n<p style=\"text-align: justify;\">La IES \/ Declaraci\u00f3n anual del ejercicio 2019 se presentar\u00e1 hasta el 7 de agosto.<\/p>\n<hr id=\"system-readmore\" \/>\n<p style=\"text-align: justify;\"><a target=\"_self\"><img decoding=\"async\" style=\"float: right; margin-left: 10px;\" src=\"images\/volver.png\" alt=\"\" data-alt=\"Volver\" \/><\/a>Los contribuyentes con un per\u00edodo fiscal que coincida con el a\u00f1o natural deben presentar la declaraci\u00f3n de 2019 hasta el 7 de agosto de 2020.<\/p>\n<p style=\"text-align: justify;\">Los contribuyentes con un per\u00edodo fiscal distinto del a\u00f1o civil deber\u00e1n presentar sus declaraciones hasta el d\u00eda 15 del s\u00e9ptimo mes posterior al final del per\u00edodo fiscal que les corresponda<\/p>\n<p style=\"text-align: justify;\">La IES \/ Declaraci\u00f3n anual, o informaci\u00f3n comercial simplificada, como se le conoce, es una declaraci\u00f3n anual obligatoria para todas las empresas y empresarios con contabilidad organizada para el cumplimiento de sus obligaciones fiscales y contables.<\/p>\n<p style=\"text-align: justify;\">Al entregar la IES \/ Declaraci\u00f3n anual, las compa\u00f1\u00edas garantizan:<\/p>\n<p style=\"text-align: justify; padding-left: 30px;\">&#8211; La entrega de la declaraci\u00f3n anual de informaci\u00f3n contable y fiscal ante Hacienda;<\/p>\n<p style=\"text-align: justify; padding-left: 30px;\">&#8211; La Comunicaci\u00f3n de las cuentas anuales al registro mercantil;<\/p>\n<p style=\"text-align: justify; padding-left: 30px;\">&#8211; Entrega de datos contables anuales para fines de tratamiento estad\u00edstico por parte del Banco de Portugal;<\/p>\n<p style=\"text-align: justify; padding-left: 30px;\">&#8211; Entrega de informaci\u00f3n contable anual para fines de tratamiento estad\u00edstico por parte del INE \u2013 Instituto Nacional de Estad\u00edstica.<\/p>\n<p style=\"text-align: justify;\">En NOMINAUREA estamos disponibles para ayudarlo a cumplir con la obligaci\u00f3n tributaria de presentar IES 2019. \u00a1Esperamos su contacto!<\/p>\n","protected":false},"excerpt":{"rendered":"<p>Flash Noticias NA 18\/2020 IES \/ Declaraci\u00f3n anual La IES \/ Declaraci\u00f3n anual del ejercicio 2019 se presentar\u00e1 hasta el 7 de agosto. Los contribuyentes con un per\u00edodo fiscal que coincida con el a\u00f1o natural deben presentar la declaraci\u00f3n de 2019 hasta el 7 de agosto de 2020. Los contribuyentes con un per\u00edodo fiscal distinto [&hellip;]<\/p>\n","protected":false},"author":2,"featured_media":0,"comment_status":"closed","ping_status":"open","sticky":false,"template":"","format":"standard","meta":{"footnotes":""},"categories":[11],"tags":[],"class_list":["post-2623","post","type-post","status-publish","format-standard","hentry","category-publicaciones"],"_links":{"self":[{"href":"https:\/\/www.nominaurea.pt\/es\/wp-json\/wp\/v2\/posts\/2623","targetHints":{"allow":["GET"]}}],"collection":[{"href":"https:\/\/www.nominaurea.pt\/es\/wp-json\/wp\/v2\/posts"}],"about":[{"href":"https:\/\/www.nominaurea.pt\/es\/wp-json\/wp\/v2\/types\/post"}],"author":[{"embeddable":true,"href":"https:\/\/www.nominaurea.pt\/es\/wp-json\/wp\/v2\/users\/2"}],"replies":[{"embeddable":true,"href":"https:\/\/www.nominaurea.pt\/es\/wp-json\/wp\/v2\/comments?post=2623"}],"version-history":[{"count":2,"href":"https:\/\/www.nominaurea.pt\/es\/wp-json\/wp\/v2\/posts\/2623\/revisions"}],"predecessor-version":[{"id":2635,"href":"https:\/\/www.nominaurea.pt\/es\/wp-json\/wp\/v2\/posts\/2623\/revisions\/2635"}],"wp:attachment":[{"href":"https:\/\/www.nominaurea.pt\/es\/wp-json\/wp\/v2\/media?parent=2623"}],"wp:term":[{"taxonomy":"category","embeddable":true,"href":"https:\/\/www.nominaurea.pt\/es\/wp-json\/wp\/v2\/categories?post=2623"},{"taxonomy":"post_tag","embeddable":true,"href":"https:\/\/www.nominaurea.pt\/es\/wp-json\/wp\/v2\/tags?post=2623"}],"curies":[{"name":"wp","href":"https:\/\/api.w.org\/{rel}","templated":true}]}}