{"id":2596,"date":"2020-07-17T00:00:00","date_gmt":"2020-07-17T00:00:00","guid":{"rendered":"https:\/\/www.nominaurea.pt\/noticias\/prazo-para-a-entrega-da-ies-prorrogado-ate-15-de-setembro\/"},"modified":"2025-10-22T07:10:49","modified_gmt":"2025-10-22T07:10:49","slug":"prazo-para-a-entrega-da-ies-prorrogado-ate-15-de-setembro","status":"publish","type":"post","link":"https:\/\/www.nominaurea.pt\/es\/noticias\/prazo-para-a-entrega-da-ies-prorrogado-ate-15-de-setembro\/","title":{"rendered":"Fecha l\u00edmite para presentaci\u00f3n de la IES\/DA aplazado para el 15 de septiembre de 2020"},"content":{"rendered":"<h5 class=\"bto-encabezamiento\">Flash Not\u00edcias NA 22\/2020<\/h5>\n<h5>Fecha l\u00edmite para presentaci\u00f3n de la IES\/DA aplazado para el 15 de septiembre de 2020<\/h5>\n<p style=\"text-align: justify;\">El gobierno ha aplazado la fecha para la presentaci\u00f3n de la IES\/Declaraci\u00f3n Anual (IES \/ DA) para el 15 de septiembre de 2020.<\/p>\n<hr id=\"system-readmore\" \/>\n<p style=\"text-align: justify;\"><a target=\"_self\"><img decoding=\"async\" style=\"float: right; margin-left: 10px;\" src=\"images\/volver.png\" alt=\"\" data-alt=\"Volver\" \/><\/a>La fecha l\u00edmite para presentar la IES \/ DA se hab\u00eda ya extendido hasta el 7 de agosto, pero una nueva informaci\u00f3n del Secretario de Estado de Asuntos Tributarios, Ant\u00f3nio Mendon\u00e7a Mendes, da m\u00e1s tiempo ahora, hasta el 15 de septiembre, para que las empresas cumplan con esta obligaci\u00f3n declarativa, \u00absin costes adicionales ni sanciones\u00bb.<\/p>\n<p style=\"text-align: justify;\">Una de las razones de este nuevo aplazamiento es la necesidad de garantizar la calidad de los datos de los informes, que sirven como base para la informaci\u00f3n estad\u00edstica nacional y que, seg\u00fan el Secretario de Estado, podr\u00edan verse comprometidos debido a las circunstancias excepcionales actuales impuestas por la pandemia covid-19.<\/p>\n<p><img decoding=\"async\" style=\"display: block; margin-left: auto; margin-right: auto;\" src=\"publicaciones\/imagen_4.png\" alt=\"Fecha l\u00edmite para presentaci\u00f3n de la IES\/DA aplazado para el 15 de septiembre de 2020\" \/><\/p>\n","protected":false},"excerpt":{"rendered":"<p>Flash Not\u00edcias NA 22\/2020 Fecha l\u00edmite para presentaci\u00f3n de la IES\/DA aplazado para el 15 de septiembre de 2020 El gobierno ha aplazado la fecha para la presentaci\u00f3n de la IES\/Declaraci\u00f3n Anual (IES \/ DA) para el 15 de septiembre de 2020. La fecha l\u00edmite para presentar la IES \/ DA se hab\u00eda ya extendido [&hellip;]<\/p>\n","protected":false},"author":2,"featured_media":0,"comment_status":"closed","ping_status":"open","sticky":false,"template":"","format":"standard","meta":{"footnotes":""},"categories":[11],"tags":[],"class_list":["post-2596","post","type-post","status-publish","format-standard","hentry","category-publicaciones"],"_links":{"self":[{"href":"https:\/\/www.nominaurea.pt\/es\/wp-json\/wp\/v2\/posts\/2596","targetHints":{"allow":["GET"]}}],"collection":[{"href":"https:\/\/www.nominaurea.pt\/es\/wp-json\/wp\/v2\/posts"}],"about":[{"href":"https:\/\/www.nominaurea.pt\/es\/wp-json\/wp\/v2\/types\/post"}],"author":[{"embeddable":true,"href":"https:\/\/www.nominaurea.pt\/es\/wp-json\/wp\/v2\/users\/2"}],"replies":[{"embeddable":true,"href":"https:\/\/www.nominaurea.pt\/es\/wp-json\/wp\/v2\/comments?post=2596"}],"version-history":[{"count":2,"href":"https:\/\/www.nominaurea.pt\/es\/wp-json\/wp\/v2\/posts\/2596\/revisions"}],"predecessor-version":[{"id":2607,"href":"https:\/\/www.nominaurea.pt\/es\/wp-json\/wp\/v2\/posts\/2596\/revisions\/2607"}],"wp:attachment":[{"href":"https:\/\/www.nominaurea.pt\/es\/wp-json\/wp\/v2\/media?parent=2596"}],"wp:term":[{"taxonomy":"category","embeddable":true,"href":"https:\/\/www.nominaurea.pt\/es\/wp-json\/wp\/v2\/categories?post=2596"},{"taxonomy":"post_tag","embeddable":true,"href":"https:\/\/www.nominaurea.pt\/es\/wp-json\/wp\/v2\/tags?post=2596"}],"curies":[{"name":"wp","href":"https:\/\/api.w.org\/{rel}","templated":true}]}}