{"id":2590,"date":"2020-09-30T00:00:00","date_gmt":"2020-09-30T00:00:00","guid":{"rendered":"https:\/\/www.nominaurea.pt\/noticias\/creditos-cobranca-duvidosa\/"},"modified":"2025-10-22T07:08:39","modified_gmt":"2025-10-22T07:08:39","slug":"creditos-cobranca-duvidosa","status":"publish","type":"post","link":"https:\/\/www.nominaurea.pt\/es\/noticias\/creditos-cobranca-duvidosa\/","title":{"rendered":"Cr\u00e9ditos de dudoso cobro"},"content":{"rendered":"<h5 class=\"bto-encabezamiento\">Flash Not\u00edcias NA 25\/2020<\/h5>\n<h5>Cr\u00e9ditos de dudoso cobro<\/h5>\n<p style=\"text-align: justify;\">La falta de pago de los cr\u00e9ditos concedidos a los clientes es un factor de riesgo y preocupaci\u00f3n para las empresas que se incrementa en per\u00edodos de recesi\u00f3n econ\u00f3mica y dificultad financiera.<\/p>\n<hr id=\"system-readmore\" \/>\n<p style=\"text-align: justify;\"><a target=\"_self\"><img decoding=\"async\" style=\"float: right; margin-left: 10px;\" src=\"images\/volver.png\" alt=\"\" data-alt=\"Volver\" \/><\/a>Este es un tema de especial relevancia para la administraci\u00f3n de empresas que deben vigilar permanentemente la gesti\u00f3n del cr\u00e9dito concedido a terceros.<\/p>\n<p style=\"text-align: justify;\">La Ley del Impuesto sobre Valor A\u00f1adido (IVA) establece la posibilidad de que las empresas recuperen el IVA pagado sobre las facturas emitidas que se refieren a cr\u00e9ditos considerados dudosos o incobrables si se cumplen determinadas condiciones.<\/p>\n<p style=\"text-align: justify;\">En las deudas con vencimiento posterior al 31\/12\/2012, es necesario atender el momento en el que se permite ejercer el derecho a regularizar el IVA sobre las deudas de los clientes, ya que solo se puede ejercer en el primer momento que se produzca:<\/p>\n<p style=\"text-align: justify;\">1. Por mora &#8211; 12 meses despu\u00e9s de la fecha de vencimiento del cr\u00e9dito (6 meses si el cr\u00e9dito no supera los 750 euros IVA incluido y los deudores son personas f\u00edsicas o sujetos pasivos exentos)<\/p>\n<p style=\"text-align: justify;\">2. Por incobrabilidad &#8211; si ocurre antes de los plazos indicados en el punto anterior<\/p>\n<p style=\"text-align: justify;\">En este sentido, es importante que las empresas controlen los plazos de vencimiento de los pr\u00e9stamos concedidos, con la condici\u00f3n de no poder recuperar ning\u00fan valor del IVA de pr\u00e9stamos morosos si no cumplen los plazos.<\/p>\n<p style=\"text-align: justify;\">Las deudas en mora y que presenten riesgo de insolvencia deben registrarse en las cuentas como \u201cCr\u00e9ditos dudosos\u201d.<\/p>\n<p style=\"text-align: justify;\">Para cr\u00e9ditos que tengan una mora superior a 12 meses (o 6 meses si la deuda es inferior a 750 euros y los deudores son personas f\u00edsicas o sujetos pasivos exentos) y que tengan evidencia objetiva de deterioro y que se hayan realizado tr\u00e1mites de cobro la regularizaci\u00f3n del IVA se realiza de acuerdo con el n\u00famero 2 del art\u00edculo 78-A de la CIVA mediante la presentaci\u00f3n electr\u00f3nica en el Portal de la Autoridad Tributaria y Aduanera de una solicitud de autorizaci\u00f3n previa (PAP).<\/p>\n<p style=\"text-align: justify;\">Esta solicitud debe ser presentada dentro de los 6 meses desde el momento en que los cr\u00e9ditos se consideren de dudoso cobro y debe ser acreditada por el contable certificado o por un revisor oficial de cuentas seg\u00fan el importe de la liquidaci\u00f3n.<\/p>\n<p style=\"text-align: justify;\">La regularizaci\u00f3n del impuesto deber\u00e1 realizarse en la declaraci\u00f3n peri\u00f3dica de IVA hasta el final del siguiente per\u00edodo en el que AT difiera la solicitud de autorizaci\u00f3n previa.<\/p>\n<p style=\"text-align: justify;\">Sin embargo, si la deuda se considera incobrable antes de que haya transcurrido el per\u00edodo de dudoso cobro, la liquidaci\u00f3n del IVA solo es posible por incobrabilidad.<\/p>\n<p style=\"text-align: justify;\">Si transcurre el plazo de 12 meses sin que se presente el PAP de los pr\u00f3ximos seis meses, aunque se considere incobrable, la empresa pierde el derecho a regularizar el IVA.<\/p>\n<p style=\"text-align: justify;\">Cuente con Nominaurea para apoyar a su empresa en los procesos de recuperaci\u00f3n del IVA por deudas incobrables. \u00a1Esperamos su contacto!<\/p>\n","protected":false},"excerpt":{"rendered":"<p>Flash Not\u00edcias NA 25\/2020 Cr\u00e9ditos de dudoso cobro La falta de pago de los cr\u00e9ditos concedidos a los clientes es un factor de riesgo y preocupaci\u00f3n para las empresas que se incrementa en per\u00edodos de recesi\u00f3n econ\u00f3mica y dificultad financiera. Este es un tema de especial relevancia para la administraci\u00f3n de empresas que deben vigilar [&hellip;]<\/p>\n","protected":false},"author":2,"featured_media":0,"comment_status":"closed","ping_status":"open","sticky":false,"template":"","format":"standard","meta":{"footnotes":""},"categories":[11],"tags":[],"class_list":["post-2590","post","type-post","status-publish","format-standard","hentry","category-publicaciones"],"_links":{"self":[{"href":"https:\/\/www.nominaurea.pt\/es\/wp-json\/wp\/v2\/posts\/2590","targetHints":{"allow":["GET"]}}],"collection":[{"href":"https:\/\/www.nominaurea.pt\/es\/wp-json\/wp\/v2\/posts"}],"about":[{"href":"https:\/\/www.nominaurea.pt\/es\/wp-json\/wp\/v2\/types\/post"}],"author":[{"embeddable":true,"href":"https:\/\/www.nominaurea.pt\/es\/wp-json\/wp\/v2\/users\/2"}],"replies":[{"embeddable":true,"href":"https:\/\/www.nominaurea.pt\/es\/wp-json\/wp\/v2\/comments?post=2590"}],"version-history":[{"count":2,"href":"https:\/\/www.nominaurea.pt\/es\/wp-json\/wp\/v2\/posts\/2590\/revisions"}],"predecessor-version":[{"id":2601,"href":"https:\/\/www.nominaurea.pt\/es\/wp-json\/wp\/v2\/posts\/2590\/revisions\/2601"}],"wp:attachment":[{"href":"https:\/\/www.nominaurea.pt\/es\/wp-json\/wp\/v2\/media?parent=2590"}],"wp:term":[{"taxonomy":"category","embeddable":true,"href":"https:\/\/www.nominaurea.pt\/es\/wp-json\/wp\/v2\/categories?post=2590"},{"taxonomy":"post_tag","embeddable":true,"href":"https:\/\/www.nominaurea.pt\/es\/wp-json\/wp\/v2\/tags?post=2590"}],"curies":[{"name":"wp","href":"https:\/\/api.w.org\/{rel}","templated":true}]}}