{"id":2561,"date":"2021-01-04T00:00:00","date_gmt":"2021-01-04T00:00:00","guid":{"rendered":"https:\/\/www.nominaurea.pt\/noticias\/alargamento-ate-30-de-abril-de-2021-da-isencao-de-iva-nas-transmissoes-e-aquisicoes-intracomunitarias-de-bens-para-combater-os-efeitos-do-surto-de-covid-19\/"},"modified":"2025-10-21T15:44:56","modified_gmt":"2025-10-21T15:44:56","slug":"alargamento-ate-30-de-abril-de-2021-da-isencao-de-iva-nas-transmissoes-e-aquisicoes-intracomunitarias-de-bens-para-combater-os-efeitos-do-surto-de-covid-19","status":"publish","type":"post","link":"https:\/\/www.nominaurea.pt\/es\/noticias\/alargamento-ate-30-de-abril-de-2021-da-isencao-de-iva-nas-transmissoes-e-aquisicoes-intracomunitarias-de-bens-para-combater-os-efeitos-do-surto-de-covid-19\/","title":{"rendered":"Pr\u00f3rroga de la Exenci\u00f3n del IVA para ventas y adquisiciones intracomunitarias de bienes hasta el 30 de abril de 2021 para combatir los efectos del brote del COVID-19"},"content":{"rendered":"<h5 class=\"bto-encabezamiento\">Flash Noticias NA 1\/2021<\/h5>\n<h5>Pr\u00f3rroga de la Exenci\u00f3n del IVA para ventas y adquisiciones intracomunitarias de bienes hasta el 30 de abril de 2021 para combatir los efectos del brote del COVID-19<\/h5>\n<p style=\"text-align: justify;\">Previamente vigente hasta el 31 de octubre de 2020, el Subsecretario de Estado de Asuntos Tributarios determin\u00f3, mediante la Orden 450\/2020-XXII, la pr\u00f3rroga hasta el 30 de abril de 2021 de la Exenci\u00f3n del IVA en ventas y adquisiciones intracomunitarias de bienes para combatir los efectos del brote del COVID-19.<\/p>\n<hr id=\"system-readmore\" \/>\n<p style=\"text-align: justify;\"><a target=\"_self\"><img decoding=\"async\" style=\"float: right; margin-left: 10px;\" src=\"images\/volver.png\" alt=\"\" data-alt=\"Volver\" \/><\/a>La Comisi\u00f3n Europea, mediante la Decisi\u00f3n de la Comisi\u00f3n (UE) 2020\/491 del 3 de abril de 2020, exent\u00f3 del IVA las ventas y adquisiciones intracomunitarias de bienes para combatir los efectos del brote del COVID-19, teniendo ahora extendido ese plazo hasta el 30 de abril de 2021 con la Decisi\u00f3n (UE) 2020\/1573 de la Comisi\u00f3n del 28 de octubre de 2020.<\/p>\n<p style=\"text-align: justify;\">Tras esta decisi\u00f3n de la Comisi\u00f3n Europea, el Proyecto de Ley N.\u00ba 61\/XIV del Gobierno, que aprueba el Presupuesto del Estado para 2021, incluy\u00f3 en el art\u00edculo 263\u00ba la pr\u00f3rroga hasta el 30 de abril de 2021 de la Exenci\u00f3n del IVA para ventas y adquisiciones intracomunitarias de bienes para combatir los efectos del brote de COVID-19 realizadas por el Estado y otros organismos p\u00fablicos o por organizaciones sin fines de lucro.<\/p>\n<p style=\"text-align: justify;\">Por consiguiente, todas las ventas y adquisiciones intracomunitarias de bienes para combatir los efectos del brote del COVID-19 realizadas por el Estado y otros organismos p\u00fablicos o por organizaciones sin fines de lucro entre el 30 de enero de 2020 y el 30 de abril de 2021 est\u00e1n exentas del IVA.<\/p>\n<p style=\"text-align: justify;\">En Nominaurea, estamos disponibles para apoyar a su empresa en todos los aspectos fundamentales para el desarrollo de su actividad, cumpliendo siempre con todos los requisitos legales. \u00a1Esperamos su contacto!<\/p>\n","protected":false},"excerpt":{"rendered":"<p>Flash Noticias NA 1\/2021 Pr\u00f3rroga de la Exenci\u00f3n del IVA para ventas y adquisiciones intracomunitarias de bienes hasta el 30 de abril de 2021 para combatir los efectos del brote del COVID-19 Previamente vigente hasta el 31 de octubre de 2020, el Subsecretario de Estado de Asuntos Tributarios determin\u00f3, mediante la Orden 450\/2020-XXII, la pr\u00f3rroga [&hellip;]<\/p>\n","protected":false},"author":2,"featured_media":0,"comment_status":"closed","ping_status":"open","sticky":false,"template":"","format":"standard","meta":{"footnotes":""},"categories":[11],"tags":[],"class_list":["post-2561","post","type-post","status-publish","format-standard","hentry","category-publicaciones"],"_links":{"self":[{"href":"https:\/\/www.nominaurea.pt\/es\/wp-json\/wp\/v2\/posts\/2561","targetHints":{"allow":["GET"]}}],"collection":[{"href":"https:\/\/www.nominaurea.pt\/es\/wp-json\/wp\/v2\/posts"}],"about":[{"href":"https:\/\/www.nominaurea.pt\/es\/wp-json\/wp\/v2\/types\/post"}],"author":[{"embeddable":true,"href":"https:\/\/www.nominaurea.pt\/es\/wp-json\/wp\/v2\/users\/2"}],"replies":[{"embeddable":true,"href":"https:\/\/www.nominaurea.pt\/es\/wp-json\/wp\/v2\/comments?post=2561"}],"version-history":[{"count":2,"href":"https:\/\/www.nominaurea.pt\/es\/wp-json\/wp\/v2\/posts\/2561\/revisions"}],"predecessor-version":[{"id":2572,"href":"https:\/\/www.nominaurea.pt\/es\/wp-json\/wp\/v2\/posts\/2561\/revisions\/2572"}],"wp:attachment":[{"href":"https:\/\/www.nominaurea.pt\/es\/wp-json\/wp\/v2\/media?parent=2561"}],"wp:term":[{"taxonomy":"category","embeddable":true,"href":"https:\/\/www.nominaurea.pt\/es\/wp-json\/wp\/v2\/categories?post=2561"},{"taxonomy":"post_tag","embeddable":true,"href":"https:\/\/www.nominaurea.pt\/es\/wp-json\/wp\/v2\/tags?post=2561"}],"curies":[{"name":"wp","href":"https:\/\/api.w.org\/{rel}","templated":true}]}}