{"id":2523,"date":"2021-03-25T00:00:00","date_gmt":"2021-03-25T00:00:00","guid":{"rendered":"https:\/\/www.nominaurea.pt\/noticias\/incentivo-fiscal-temporario-as-acoes-de-eficiencia-coletiva-na-promocao-externa\/"},"modified":"2025-10-21T15:32:40","modified_gmt":"2025-10-21T15:32:40","slug":"incentivo-fiscal-temporario-as-acoes-de-eficiencia-coletiva-na-promocao-externa","status":"publish","type":"post","link":"https:\/\/www.nominaurea.pt\/es\/noticias\/incentivo-fiscal-temporario-as-acoes-de-eficiencia-coletiva-na-promocao-externa\/","title":{"rendered":"Portugal Incentivos fiscales para la participaci\u00f3n en ferias y exposiciones de promoci\u00f3n comercial exterior"},"content":{"rendered":"<h5 class=\"bto-encabezamiento\">Flash Noticias NA 9\/2021<\/h5>\n<h5>Portugal Incentivos fiscales para la participaci\u00f3n en ferias y exposiciones de promoci\u00f3n comercial exterior<\/h5>\n<p style=\"text-align: justify;\">Incentivo para la participaci\u00f3n conjunta en proyectos de promoci\u00f3n exterior<\/p>\n<hr id=\"system-readmore\" \/>\n<p style=\"text-align: justify;\"><a target=\"_self\"><img decoding=\"async\" style=\"float: right; margin-left: 10px;\" src=\"images\/volver.png\" alt=\"\" data-alt=\"Volver\" \/><\/a>La Orden n\u00ba 114\/2021 por la que se regula la atribuci\u00f3n del incentivo fiscal temporal a las acciones de eficiencia colectiva en la promoci\u00f3n externa, que fue publicada el 11 de marzo de 2021, se encuentra consagrada en la Ley de los Presupuestos del Estado para el a\u00f1o 2021 (Ley n\u00ba 75-B\/2020 del 31 de diciembre).<\/p>\n<p style=\"text-align: justify;\">El presente incentivo establece que los gastos sufragados por microempresas, peque\u00f1as o medianas empresas (MPME), sujetos pasivos de impuesto de sociedades, residentes en territorio portugu\u00e9s y por los no residentes con establecimiento permanente en dicho territorio, que ejerzan con car\u00e1cter principal una actividad comercial, industrial o agr\u00edcola, en el marco de la participaci\u00f3n conjunta en proyectos de promoci\u00f3n exterior, concurren para la determinaci\u00f3n del beneficio imponible en valor equivalente al 110 % del total de gastos subvencionables incurridos en los per\u00edodos impositivos de 2021 y 2022.<\/p>\n<p style=\"text-align: justify;\">Las MPME son empresas con un volumen de negocios anual inferior a 50 millones de euros y menos de 250 trabajadores, lo que abarca m\u00e1s de 300.000 empresas portuguesas. Sin embargo, de ellas s\u00f3lo alrededor de 7.000 son medianas empresas, de las cuales unas 4.000 son peque\u00f1as (menos de 50 empleados y 10 millones de euros de volumen de negocios).<\/p>\n<p style=\"text-align: justify;\">Como ejemplo de gastos que podr\u00e1n acogerse a esta medida, est\u00e1n los realizados con la participaci\u00f3n en ferias y exposiciones en el exterior, desde el alquiler del espacio a la construcci\u00f3n y funcionamiento de un stand, incluyendo alojamiento y gastos de representaci\u00f3n, cuyos l\u00edmites m\u00e1ximos se encuentran reflejados en dicha Ley.<\/p>\n<p style=\"text-align: center;\"><strong>Las Propuestas<\/strong><\/p>\n<p style=\"text-align: justify;\">Podr\u00e1n presentarse a partir del 1 de enero y hasta finales de febrero de cada a\u00f1o o hasta el final del segundo mes del periodo impositivo correspondiente, cuando \u00e9ste no corresponda al a\u00f1o natural y deban presentarse por medios electr\u00f3nicos, cumplimentando el formulario facilitado por la Agencia para la Inversi\u00f3n y el Comercio Exterior de Portugal, E. P. E. (AICEP, E. P. E.), a tal efecto.<\/p>\n<p style=\"text-align: center;\"><strong>Examen de las Propuestas<\/strong><\/p>\n<p style=\"text-align: justify;\">La AICEP es la encargada de evaluar las propuestas que deben presentarse en un plazo de 30 d\u00edas laborables a partir del cierre de las candidaturas, estando obligada a elaborar una lista con todos los n\u00fameros de identificaci\u00f3n de personas jur\u00eddicas (CIF) de los sujetos pasivos cuyas propuestas hayan sido aprobadas.<\/p>\n<p style=\"text-align: center;\"><strong>Cumplimiento de obligaciones fiscales<\/strong><\/p>\n<p style=\"text-align: justify;\">Los sujetos pasivos cuyas propuestas hayan sido aprobadas deber\u00e1n identificar adecuadamente el incentivo fiscal en la declaraci\u00f3n del impuesto de sociedades o en otras obligaciones fiscales aplicables.<\/p>\n<p style=\"text-align: center;\"><strong>Obligaciones de los sujetos pasivos<\/strong><\/p>\n<p style=\"text-align: justify; padding-left: 30px;\">a) Pondr\u00e1n a disposici\u00f3n de las autoridades competentes todos los elementos que se les soliciten a efectos de seguimiento, control y vigilancia de la actividad de promoci\u00f3n;<\/p>\n<p style=\"text-align: justify; padding-left: 30px;\">b) Notificaci\u00f3n a las autoridades competentes de cualquier cambio que ponga en entredicho los supuestos relativos a la aprobaci\u00f3n del beneficio;<\/p>\n<p style=\"text-align: justify; padding-left: 30px;\">c) Cumplir oportunamente las obligaciones legales a las que est\u00e9n vinculados, en particular las tributarias y contributivas;<\/p>\n<p style=\"text-align: justify; padding-left: 30px;\">d) Mantener las condiciones jur\u00eddicas necesarias para el ejercicio de su actividad, en particular en lo que se refiere a su situaci\u00f3n en materia de concesi\u00f3n de licencias.<\/p>\n<p style=\"text-align: center;\"><strong>Comunicaciones<\/strong><\/p>\n<p style=\"text-align: justify;\">Sin perjuicio de lo dispuesto en el Protocolo que se celebrar\u00e1 entre las entidades afectadas, la AICEP estar\u00e1 obligada a comunicar por v\u00eda electr\u00f3nica a la Autoridad Tributaria y Aduanera (AT) la lista de los CIF de los sujetos pasivos cuyas propuestas hayan sido aprobadas, hasta el final del mes de abril de cada a\u00f1o o hasta el final del cuarto mes del periodo impositivo, cuando \u00e9ste no corresponda al a\u00f1o civil.<\/p>\n<p style=\"text-align: center;\"><strong>Supervisi\u00f3n<\/strong><\/p>\n<p style=\"text-align: justify;\">Esta ventaja fiscal est\u00e1 sujeta a la supervisi\u00f3n de AT en el marco de sus respectivas competencias<\/p>\n<p style=\"text-align: justify;\"><strong><a title=\"Disponible para consulta Portaria n.\u00ba 114\/2021\" href=\"https:\/\/info.portaldasfinancas.gov.pt\/pt\/atualidades\/legislativa\/Paginas\/Portaria_114_2021.aspx\" target=\"_blank\" rel=\"noopener\">Disponible para consulta Portaria n.\u00ba 114\/2021<\/a><\/strong><\/p>\n<p style=\"text-align: justify;\">Consulte con Nominaurea si desea solicitar o saber m\u00e1s sobre los Incentivos fiscales para las acciones colectivas de promoci\u00f3n exterior de comercio<\/p>\n<p style=\"text-align: justify;\"><strong><a title=\"Contacto Nominaurea\" href=\"index.php?option=com_contact&amp;view=contact&amp;id=1&amp;Itemid=142\">\u00a1Esperamos su contacto! <\/a><\/strong><\/p>\n","protected":false},"excerpt":{"rendered":"<p>Flash Noticias NA 9\/2021 Portugal Incentivos fiscales para la participaci\u00f3n en ferias y exposiciones de promoci\u00f3n comercial exterior Incentivo para la participaci\u00f3n conjunta en proyectos de promoci\u00f3n exterior La Orden n\u00ba 114\/2021 por la que se regula la atribuci\u00f3n del incentivo fiscal temporal a las acciones de eficiencia colectiva en la promoci\u00f3n externa, que fue [&hellip;]<\/p>\n","protected":false},"author":2,"featured_media":0,"comment_status":"closed","ping_status":"open","sticky":false,"template":"","format":"standard","meta":{"footnotes":""},"categories":[11],"tags":[],"class_list":["post-2523","post","type-post","status-publish","format-standard","hentry","category-publicaciones"],"_links":{"self":[{"href":"https:\/\/www.nominaurea.pt\/es\/wp-json\/wp\/v2\/posts\/2523","targetHints":{"allow":["GET"]}}],"collection":[{"href":"https:\/\/www.nominaurea.pt\/es\/wp-json\/wp\/v2\/posts"}],"about":[{"href":"https:\/\/www.nominaurea.pt\/es\/wp-json\/wp\/v2\/types\/post"}],"author":[{"embeddable":true,"href":"https:\/\/www.nominaurea.pt\/es\/wp-json\/wp\/v2\/users\/2"}],"replies":[{"embeddable":true,"href":"https:\/\/www.nominaurea.pt\/es\/wp-json\/wp\/v2\/comments?post=2523"}],"version-history":[{"count":1,"href":"https:\/\/www.nominaurea.pt\/es\/wp-json\/wp\/v2\/posts\/2523\/revisions"}],"predecessor-version":[{"id":2534,"href":"https:\/\/www.nominaurea.pt\/es\/wp-json\/wp\/v2\/posts\/2523\/revisions\/2534"}],"wp:attachment":[{"href":"https:\/\/www.nominaurea.pt\/es\/wp-json\/wp\/v2\/media?parent=2523"}],"wp:term":[{"taxonomy":"category","embeddable":true,"href":"https:\/\/www.nominaurea.pt\/es\/wp-json\/wp\/v2\/categories?post=2523"},{"taxonomy":"post_tag","embeddable":true,"href":"https:\/\/www.nominaurea.pt\/es\/wp-json\/wp\/v2\/tags?post=2523"}],"curies":[{"name":"wp","href":"https:\/\/api.w.org\/{rel}","templated":true}]}}