{"id":2502,"date":"2021-03-31T00:00:00","date_gmt":"2021-03-31T00:00:00","guid":{"rendered":"https:\/\/www.nominaurea.pt\/noticias\/declaracion-de-la-renta-del-2020\/"},"modified":"2025-10-21T15:24:44","modified_gmt":"2025-10-21T15:24:44","slug":"declaracion-de-la-renta-del-2020","status":"publish","type":"post","link":"https:\/\/www.nominaurea.pt\/es\/noticias\/declaracion-de-la-renta-del-2020\/","title":{"rendered":"Declaraci\u00f3n de la Renta del 2020"},"content":{"rendered":"<h5 class=\"bto-encabezamiento\">Flash Not\u00edcias NA 10\/2021<\/h5>\n<h5>Declaraci\u00f3n de la Renta del 2020<\/h5>\n<p style=\"text-align: justify;\">La campa\u00f1a de la Renta 2020 empieza el 1 de abril y se prolongar\u00e1 hasta el 30 de junio del 2021, que ser\u00e1 el \u00faltimo d\u00eda para presentar la Declaraci\u00f3n de la Renta a trav\u00e9s de la plataforma de Hacienda.<\/p>\n<p><a target=\"_self\"><img decoding=\"async\" style=\"float: right; margin-left: 10px;\" src=\"images\/volver.png\" alt=\"Volver\" \/><\/a><img fetchpriority=\"high\" decoding=\"async\" style=\"display: block; margin-left: auto; margin-right: auto;\" title=\"Declaraci\u00f3n de la Renta del 2020\" src=\"images\/publicaciones\/2021\/imagen_7_p.png\" alt=\"Declaraci\u00f3n de la Renta del 2020\" width=\"350\" height=\"197\" \/><\/p>\n<p style=\"text-align: justify;\">Entre el 1 de abril y el 30 de junio del 2021 los residentes en Portugal y los no residentes en Portugal que hayan recibido durante el 2020 ingresos de fuente portuguesa deber\u00e1n entregar a trav\u00e9s de la plataforma de Hacienda la declaraci\u00f3n de la renta. Para ello es importante que el contribuyente disponga de las claves de acceso a la plataforma de Hacienda que deber\u00e1n solicitarse previamente.<\/p>\n<p style=\"text-align: justify;\">En este sentido, los rendimientos recibidos deber\u00e1n integrarse en las siguientes categor\u00edas teniendo cada una de las categor\u00edas su propria tributaci\u00f3n:<\/p>\n<table style=\"border-collapse: collapse; border: 1px none; height: 142px; width: 90%;\" cellspacing=\"0\" cellpadding=\"0\" align=\"center\">\n<tbody>\n<tr>\n<td style=\"width: 283px; border-top: 1pt solid #9cc2e5; border-left: none; border-bottom: 1pt solid #9cc2e5; border-right: none; background: #deeaf6; padding: 0cm 5.4pt;\" valign=\"top\"><strong><span style=\"font-size: 10pt; line-height: 150%; font-family: Arial, sans-serif;\">Categor<span style=\"color: black;\">\u00eda A<\/span><\/span><\/strong><\/td>\n<td style=\"width: 283px; border-top: 1pt solid #9cc2e5; border-left: none; border-bottom: 1pt solid #9cc2e5; border-right: none; background: #deeaf6; padding: 0cm 5.4pt;\" valign=\"top\"><span style=\"font-size: 10pt; line-height: 150%; font-family: Arial, sans-serif; color: black;\">Rendimientos del trabajo <\/span><\/td>\n<\/tr>\n<tr>\n<td style=\"width: 283px; border-top: none; border-right: none; border-left: none; border-bottom: 1pt solid #9cc2e5; padding: 0cm 5.4pt;\" valign=\"top\"><strong><span style=\"font-size: 10pt; line-height: 150%; font-family: Arial, sans-serif;\">Categor\u00eda B<\/span><\/strong><\/td>\n<td style=\"width: 283px; border-top: none; border-right: none; border-left: none; border-bottom: 1pt solid #9cc2e5; padding: 0cm 5.4pt;\" valign=\"top\"><span style=\"font-size: 10pt; line-height: 150%; font-family: Arial, sans-serif;\">Rendimientos empresariales y profesionales<\/span><\/td>\n<\/tr>\n<tr>\n<td style=\"width: 283px; border-top: none; border-right: none; border-left: none; border-bottom: 1pt solid #9cc2e5; background: #deeaf6; padding: 0cm 5.4pt;\" valign=\"top\"><strong><span style=\"font-size: 10pt; line-height: 150%; font-family: Arial, sans-serif; color: black;\">Categor\u00eda E<\/span><\/strong><\/td>\n<td style=\"width: 283px; border-top: none; border-right: none; border-left: none; border-bottom: 1pt solid #9cc2e5; background: #deeaf6; padding: 0cm 5.4pt;\" valign=\"top\"><span style=\"font-size: 10pt; line-height: 150%; font-family: Arial, sans-serif; color: black;\">Rendimientos del capital mobiliario <\/span><\/td>\n<\/tr>\n<tr>\n<td style=\"width: 283px; border-top: none; border-right: none; border-left: none; border-bottom: 1pt solid #9cc2e5; padding: 0cm 5.4pt;\" valign=\"top\"><strong><span style=\"font-size: 10pt; line-height: 150%; font-family: Arial, sans-serif;\">Categor\u00eda F<\/span><\/strong><\/td>\n<td style=\"width: 283px; border-top: none; border-right: none; border-left: none; border-bottom: 1pt solid #9cc2e5; padding: 0cm 5.4pt;\" valign=\"top\"><span style=\"font-size: 10pt; line-height: 150%; font-family: Arial, sans-serif;\">Rendimientos del capital inmobiliario <\/span><\/td>\n<\/tr>\n<tr>\n<td style=\"width: 283px; border-top: none; border-right: none; border-left: none; border-bottom: 1pt solid #9cc2e5; background: #deeaf6; padding: 0cm 5.4pt;\" valign=\"top\"><strong><span style=\"font-size: 10pt; line-height: 150%; font-family: Arial, sans-serif; color: black;\">Categor\u00eda G<\/span><\/strong><\/td>\n<td style=\"width: 283px; border-top: none; border-right: none; border-left: none; border-bottom: 1pt solid #9cc2e5; background: #deeaf6; padding: 0cm 5.4pt;\" valign=\"top\"><span style=\"font-size: 10pt; line-height: 150%; font-family: Arial, sans-serif; color: black;\">Ganancias patrimoniales (plusval\u00edas mobiliarias e inmobiliarias)<\/span><\/td>\n<\/tr>\n<tr>\n<td style=\"width: 283px; border-top: none; border-right: none; border-left: none; border-bottom: 1pt solid #9cc2e5; padding: 0cm 5.4pt;\" valign=\"top\"><strong><span style=\"font-size: 10pt; line-height: 150%; font-family: Arial, sans-serif;\">Categor\u00eda H<\/span><\/strong><\/td>\n<td style=\"width: 283px; border-top: none; border-right: none; border-left: none; border-bottom: 1pt solid #9cc2e5; padding: 0cm 5.4pt;\" valign=\"top\"><span style=\"font-size: 10pt; line-height: 150%; font-family: Arial, sans-serif;\">Pensiones<\/span><\/td>\n<\/tr>\n<\/tbody>\n<\/table>\n<p>&nbsp;<\/p>\n<p style=\"text-align: justify;\">Nominaurea, cuenta con contables certificados con una gran experiencia en la preparaci\u00f3n y entrega de la Declaraci\u00f3n de la Renta, asegurando a nuestros clientes el correcto cumplimiento de esta obligaci\u00f3n declarativa.<\/p>\n<p style=\"text-align: justify;\"><strong><a title=\"Contacto Nominaurea\" href=\"index.php?option=com_contact&amp;view=contact&amp;id=1&amp;Itemid=142\">Contacte con nosotros!<\/a><\/strong><\/p>\n","protected":false},"excerpt":{"rendered":"<p>Flash Not\u00edcias NA 10\/2021 Declaraci\u00f3n de la Renta del 2020 La campa\u00f1a de la Renta 2020 empieza el 1 de abril y se prolongar\u00e1 hasta el 30 de junio del 2021, que ser\u00e1 el \u00faltimo d\u00eda para presentar la Declaraci\u00f3n de la Renta a trav\u00e9s de la plataforma de Hacienda. Entre el 1 de abril [&hellip;]<\/p>\n","protected":false},"author":2,"featured_media":0,"comment_status":"closed","ping_status":"open","sticky":false,"template":"","format":"standard","meta":{"footnotes":""},"categories":[11],"tags":[],"class_list":["post-2502","post","type-post","status-publish","format-standard","hentry","category-publicaciones"],"_links":{"self":[{"href":"https:\/\/www.nominaurea.pt\/es\/wp-json\/wp\/v2\/posts\/2502","targetHints":{"allow":["GET"]}}],"collection":[{"href":"https:\/\/www.nominaurea.pt\/es\/wp-json\/wp\/v2\/posts"}],"about":[{"href":"https:\/\/www.nominaurea.pt\/es\/wp-json\/wp\/v2\/types\/post"}],"author":[{"embeddable":true,"href":"https:\/\/www.nominaurea.pt\/es\/wp-json\/wp\/v2\/users\/2"}],"replies":[{"embeddable":true,"href":"https:\/\/www.nominaurea.pt\/es\/wp-json\/wp\/v2\/comments?post=2502"}],"version-history":[{"count":1,"href":"https:\/\/www.nominaurea.pt\/es\/wp-json\/wp\/v2\/posts\/2502\/revisions"}],"predecessor-version":[{"id":2512,"href":"https:\/\/www.nominaurea.pt\/es\/wp-json\/wp\/v2\/posts\/2502\/revisions\/2512"}],"wp:attachment":[{"href":"https:\/\/www.nominaurea.pt\/es\/wp-json\/wp\/v2\/media?parent=2502"}],"wp:term":[{"taxonomy":"category","embeddable":true,"href":"https:\/\/www.nominaurea.pt\/es\/wp-json\/wp\/v2\/categories?post=2502"},{"taxonomy":"post_tag","embeddable":true,"href":"https:\/\/www.nominaurea.pt\/es\/wp-json\/wp\/v2\/tags?post=2502"}],"curies":[{"name":"wp","href":"https:\/\/api.w.org\/{rel}","templated":true}]}}