{"id":2470,"date":"2021-07-09T00:00:00","date_gmt":"2021-07-09T00:00:00","guid":{"rendered":"https:\/\/www.nominaurea.pt\/noticias\/webinar-despedimentos-por-razoes-objectivas-em-portugal-e-comparacao-com-o-regime-laboral-espanhol\/"},"modified":"2025-10-21T15:14:59","modified_gmt":"2025-10-21T15:14:59","slug":"webinar-despedimentos-por-razoes-objectivas-em-portugal-e-comparacao-com-o-regime-laboral-espanhol","status":"publish","type":"post","link":"https:\/\/www.nominaurea.pt\/es\/noticias\/webinar-despedimentos-por-razoes-objectivas-em-portugal-e-comparacao-com-o-regime-laboral-espanhol\/","title":{"rendered":"Webinar &#8211; Despidos por causas objetivas en Portugal y comparativa con el r\u00e9gimen laboral espa\u00f1ol"},"content":{"rendered":"<h5 class=\"bto-encabezamiento\">Flash Not\u00edcias NA 18\/2021<\/h5>\n<h5>Webinar &#8211; Despidos por causas objetivas en Portugal y comparativa con el r\u00e9gimen laboral espa\u00f1ol<\/h5>\n<p style=\"text-align: justify;\">Nominaurea, Lda. tuvo el placer de participar el d\u00eda jueves 1 de julio en el Seminario Online sobre Derecho laboral portugu\u00e9s &#8211; Despidos por causas objetivas en Portugal y comparativa con el r\u00e9gimen laboral espa\u00f1ol, cuyo resumen presentamos en el siguiente video.<\/p>\n<hr id=\"system-readmore\" \/>\n<p><a target=\"_self\"><img decoding=\"async\" style=\"float: right; margin-left: 10px;\" src=\"images\/volver.png\" alt=\"\" data-alt=\"Volver\" \/><\/a><\/p>\n","protected":false},"excerpt":{"rendered":"<p>Flash Not\u00edcias NA 18\/2021 Webinar &#8211; Despidos por causas objetivas en Portugal y comparativa con el r\u00e9gimen laboral espa\u00f1ol Nominaurea, Lda. tuvo el placer de participar el d\u00eda jueves 1 de julio en el Seminario Online sobre Derecho laboral portugu\u00e9s &#8211; Despidos por causas objetivas en Portugal y comparativa con el r\u00e9gimen laboral espa\u00f1ol, cuyo [&hellip;]<\/p>\n","protected":false},"author":2,"featured_media":0,"comment_status":"closed","ping_status":"open","sticky":false,"template":"","format":"standard","meta":{"footnotes":""},"categories":[11],"tags":[],"class_list":["post-2470","post","type-post","status-publish","format-standard","hentry","category-publicaciones"],"_links":{"self":[{"href":"https:\/\/www.nominaurea.pt\/es\/wp-json\/wp\/v2\/posts\/2470","targetHints":{"allow":["GET"]}}],"collection":[{"href":"https:\/\/www.nominaurea.pt\/es\/wp-json\/wp\/v2\/posts"}],"about":[{"href":"https:\/\/www.nominaurea.pt\/es\/wp-json\/wp\/v2\/types\/post"}],"author":[{"embeddable":true,"href":"https:\/\/www.nominaurea.pt\/es\/wp-json\/wp\/v2\/users\/2"}],"replies":[{"embeddable":true,"href":"https:\/\/www.nominaurea.pt\/es\/wp-json\/wp\/v2\/comments?post=2470"}],"version-history":[{"count":2,"href":"https:\/\/www.nominaurea.pt\/es\/wp-json\/wp\/v2\/posts\/2470\/revisions"}],"predecessor-version":[{"id":2479,"href":"https:\/\/www.nominaurea.pt\/es\/wp-json\/wp\/v2\/posts\/2470\/revisions\/2479"}],"wp:attachment":[{"href":"https:\/\/www.nominaurea.pt\/es\/wp-json\/wp\/v2\/media?parent=2470"}],"wp:term":[{"taxonomy":"category","embeddable":true,"href":"https:\/\/www.nominaurea.pt\/es\/wp-json\/wp\/v2\/categories?post=2470"},{"taxonomy":"post_tag","embeddable":true,"href":"https:\/\/www.nominaurea.pt\/es\/wp-json\/wp\/v2\/tags?post=2470"}],"curies":[{"name":"wp","href":"https:\/\/api.w.org\/{rel}","templated":true}]}}