{"id":2466,"date":"2021-09-14T00:00:00","date_gmt":"2021-09-14T00:00:00","guid":{"rendered":"https:\/\/www.nominaurea.pt\/noticias\/retencao-na-fonte-sobre-rendas\/"},"modified":"2025-10-21T15:13:27","modified_gmt":"2025-10-21T15:13:27","slug":"retencao-na-fonte-sobre-rendas","status":"publish","type":"post","link":"https:\/\/www.nominaurea.pt\/es\/noticias\/retencao-na-fonte-sobre-rendas\/","title":{"rendered":"Retenci\u00f3n de impuestos sobre los alquileres"},"content":{"rendered":"<h5 class=\"bto-encabezamiento\">Flash Noticias NA 20\/2021<\/h5>\n<h5>Retenci\u00f3n de impuestos sobre los alquileres<\/h5>\n<p style=\"text-align: justify;\">Los alquileres pagados por los inquilinos a los propietarios pueden estar sujetos a la retenci\u00f3n del Impuesto sobre la renta de personas f\u00edsicas (IRPF) o del Impuesto de Sociedades (IS).<\/p>\n<hr id=\"system-readmore\" \/>\n<p style=\"text-align: justify;\"><a target=\"_self\"><img decoding=\"async\" style=\"float: right; margin-left: 10px;\" src=\"images\/volver.png\" alt=\"\" data-alt=\"Volver\" \/><\/a>Nominaurea aborda este mes el tema de la retenci\u00f3n de impuestos sobre los alquileres pagados y recibidos en Portugal.<\/p>\n<p style=\"text-align: justify;\">Los alquileres pagados por los inquilinos a los propietarios pueden estar sujetos a la retenci\u00f3n del Impuesto sobre la renta de personas f\u00edsicas (IRPF) o del Impuesto de Sociedades (IS).<\/p>\n<p style=\"text-align: justify;\">Para saber si debe retener impuestos sobre los alquileres, se deber\u00e1 tener en consideraci\u00f3n la situaci\u00f3n fiscal del inquilino y del propietario.<\/p>\n<p style=\"text-align: justify;\">En la pr\u00e1ctica, siempre que el arrendatario sea una entidad (empresa, asociaci\u00f3n, fundaci\u00f3n u otra entidad colectiva) o un aut\u00f3nomo sujeto a contabilidad organizada, estar\u00e1 obligado al pago de la retenci\u00f3n.<\/p>\n<p style=\"text-align: justify;\">Estas son las situaciones posibles:<\/p>\n<p style=\"text-align: justify; padding-left: 30px;\">1. El inquilino y el propietario son personas f\u00edsicas: el inquilino no tiene que efectuar ninguna retenci\u00f3n sobre los alquileres. Cada mes, el inquilino paga el alquiler al propietario en su totalidad.<\/p>\n<p style=\"text-align: justify; padding-left: 30px;\">2. El inquilino es una persona f\u00edsica y el arrendador es una empresa o aut\u00f3nomo con contabilidad organizada: el inquilino no tiene que pagar la retenci\u00f3n sobre los alquileres. Cada mes, el inquilino paga el alquiler al propietario en su totalidad.<\/p>\n<p style=\"text-align: justify; padding-left: 30px;\">3. El inquilino y el arrendador son empresas o aut\u00f3nomos con contabilidad organizada: el inquilino debe pagar la retenci\u00f3n del impuesto sobre la renta a la tasa del 25% (art. 94, no. 1, al. C) y no. 4 del CIRC (C\u00f3digo del IS)).<\/p>\n<p style=\"text-align: justify; padding-left: 30px;\">4. El inquilino es una empresa o un trabajador aut\u00f3nomo con contabilidad organizada y el propietario es una persona f\u00edsica: el inquilino debe pagar la retenci\u00f3n de impuestos del IRPF a una tasa del 25% (art. 101, no. 1, al. E) del CIRS &#8211; C\u00f3digo del IRPF).<\/p>\n<p style=\"text-align: justify;\"><strong>Exenci\u00f3n de impuestos de retenci\u00f3n del IRS<\/strong><\/p>\n<p style=\"text-align: justify;\">En los casos en que el inquilino sea una entidad o un aut\u00f3nomo con contabilidad organizada y el arrendador sea privado, puede haber una exenci\u00f3n de la retenci\u00f3n del IRPF sobre los alquileres, si el arrendador no gana m\u00e1s de 10.000 \u20ac anuales con alquileres.<\/p>\n<p style=\"text-align: justify;\">Para beneficiarse de la exenci\u00f3n de retenci\u00f3n de impuestos, el arrendador puede incluso tener una renta anual total superior a 12.500 \u20ac, pero no puede superar los 12.500 \u20ac dentro de la categor\u00eda F, referida a la renta de la propiedad (art. 101-B, al. A) del CIRS y 53 de la CIVA).<\/p>\n<p style=\"text-align: justify;\">Nominaurea cuenta con un equipo de contables certificados que pueden ayudarlo a evaluar su situaci\u00f3n y si est\u00e1 o no obligado a realizar retenciones sobre los alquileres que paga o si est\u00e1 sujeto a la retenci\u00f3n de impuestos sobre los alquileres que recibe.<\/p>\n<p style=\"text-align: justify;\"><strong><a title=\"Contacto Nominaurea\" href=\"index.php?option=com_contact&amp;view=contact&amp;id=1&amp;Itemid=142\">\u00a1Cont\u00e1ctenos<\/a><\/strong><\/p>\n","protected":false},"excerpt":{"rendered":"<p>Flash Noticias NA 20\/2021 Retenci\u00f3n de impuestos sobre los alquileres Los alquileres pagados por los inquilinos a los propietarios pueden estar sujetos a la retenci\u00f3n del Impuesto sobre la renta de personas f\u00edsicas (IRPF) o del Impuesto de Sociedades (IS). Nominaurea aborda este mes el tema de la retenci\u00f3n de impuestos sobre los alquileres pagados [&hellip;]<\/p>\n","protected":false},"author":2,"featured_media":0,"comment_status":"closed","ping_status":"open","sticky":false,"template":"","format":"standard","meta":{"footnotes":""},"categories":[11],"tags":[],"class_list":["post-2466","post","type-post","status-publish","format-standard","hentry","category-publicaciones"],"_links":{"self":[{"href":"https:\/\/www.nominaurea.pt\/es\/wp-json\/wp\/v2\/posts\/2466","targetHints":{"allow":["GET"]}}],"collection":[{"href":"https:\/\/www.nominaurea.pt\/es\/wp-json\/wp\/v2\/posts"}],"about":[{"href":"https:\/\/www.nominaurea.pt\/es\/wp-json\/wp\/v2\/types\/post"}],"author":[{"embeddable":true,"href":"https:\/\/www.nominaurea.pt\/es\/wp-json\/wp\/v2\/users\/2"}],"replies":[{"embeddable":true,"href":"https:\/\/www.nominaurea.pt\/es\/wp-json\/wp\/v2\/comments?post=2466"}],"version-history":[{"count":1,"href":"https:\/\/www.nominaurea.pt\/es\/wp-json\/wp\/v2\/posts\/2466\/revisions"}],"predecessor-version":[{"id":2475,"href":"https:\/\/www.nominaurea.pt\/es\/wp-json\/wp\/v2\/posts\/2466\/revisions\/2475"}],"wp:attachment":[{"href":"https:\/\/www.nominaurea.pt\/es\/wp-json\/wp\/v2\/media?parent=2466"}],"wp:term":[{"taxonomy":"category","embeddable":true,"href":"https:\/\/www.nominaurea.pt\/es\/wp-json\/wp\/v2\/categories?post=2466"},{"taxonomy":"post_tag","embeddable":true,"href":"https:\/\/www.nominaurea.pt\/es\/wp-json\/wp\/v2\/tags?post=2466"}],"curies":[{"name":"wp","href":"https:\/\/api.w.org\/{rel}","templated":true}]}}