{"id":2409,"date":"2022-05-16T00:00:00","date_gmt":"2022-05-16T00:00:00","guid":{"rendered":"https:\/\/www.nominaurea.pt\/noticias\/contrato-emprego-insercao-e-contrato-emprego-insercao-portaria-n-o-136-2022-de-4-de-abril\/"},"modified":"2025-10-21T14:54:02","modified_gmt":"2025-10-21T14:54:02","slug":"contrato-emprego-insercao-e-contrato-emprego-insercao-portaria-n-o-136-2022-de-4-de-abril","status":"publish","type":"post","link":"https:\/\/www.nominaurea.pt\/es\/noticias\/contrato-emprego-insercao-e-contrato-emprego-insercao-portaria-n-o-136-2022-de-4-de-abril\/","title":{"rendered":"Contrato de Trabajo-Inserci\u00f3n y Contrato de Trabajo-Inserci\u00f3n + (Despacho n\u00ba 136\/2022 de 4 de abril)"},"content":{"rendered":"<h5 class=\"bto-encabezamiento\">Flash Not\u00edcias NA 9\/2022<\/h5>\n<h5>Contrato de Trabajo-Inserci\u00f3n y Contrato de Trabajo-Inserci\u00f3n + (Despacho n\u00ba 136\/2022 de 4 de abril)<\/h5>\n<p style=\"text-align: justify;\">Las medidas Contrato de Trabajo-Inserci\u00f3n y Contrato de Trabajo-Inserci\u00f3n+ se refieren a las modalidades en las que los desempleados reciben la prestaci\u00f3n por desempleo o el subsidio social por desempleo.<\/p>\n<p style=\"text-align: justify;\">El objetivo es promover la empleabilidad de los desempleados, conservando y mejorando sus competencias socio profesionales mediante el mantenimiento del contacto con el mercado laboral; fomentar el contacto de los desempleados con otros trabajadores y actividades, evitando el riesgo de su aislamiento, desmotivaci\u00f3n y marginaci\u00f3n; apoyar actividades socialmente \u00fatiles, en particular las que responden a necesidades locales o regionales.<\/p>\n<hr id=\"system-readmore\" \/>\n<p style=\"text-align: justify;\"><a target=\"_self\"><img decoding=\"async\" style=\"float: right; margin-left: 10px;\" src=\"images\/volver.png\" alt=\"\" data-alt=\"Volver\" \/><\/a>Las entidades colectivas p\u00fablicas o privadas sin \u00e1nimo de lucro (servicios p\u00fablicos con una intervenci\u00f3n marcadamente local; autoridades locales; entidades de solidaridad social) pueden <strong>solicitar la ayuda prevista.<\/strong><\/p>\n<p style=\"text-align: justify;\"><strong>Requisitos<\/strong>: estar debidamente constituido y registrado, haber cumplido con todas las obligaciones relacionadas con los impuestos y la seguridad social; haber cumplido con todas las obligaciones relacionadas con el apoyo comunitario o nacional para tener un sistema de contabilidad organizado, siempre que sea legalmente necesario, de acuerdo con las normas del Plan Oficial de Contabilidad aplicable.<\/p>\n<p style=\"text-align: justify;\">Las <strong>solicitudes<\/strong>: deben estar justificadas para demostrar, concretamente, que las actividades que se van a desarrollar en el \u00e1mbito de los proyectos son relevantes para satisfacer necesidades sociales o colectivas temporales a nivel local o regional; no tienen como objetivo la creaci\u00f3n de empleo. Se dar\u00e1 prioridad a las solicitudes cuyos proyectos: prevean la existencia de una formaci\u00f3n previa de los beneficiarios, concretamente en un contexto laboral; se enmarquen en los \u00e1mbitos de la ayuda social y del patrimonio natural, cultural y urbano.<\/p>\n<p style=\"text-align: justify;\">Los proyectos presentados en las solicitudes no pueden tener una duraci\u00f3n superior a 12 meses.<\/p>\n<p style=\"text-align: justify;\"><strong>Los siguientes beneficiarios se consideran prioritarios<\/strong>: Persona con discapacidad; Desempleado de larga duraci\u00f3n; Desempleado de 55 a\u00f1os o m\u00e1s; Exrecluso o persona que cumple condena en r\u00e9gimen abierto convertido en externo u otra medida judicial no privativa de libertad.<\/p>\n<p style=\"text-align: justify;\">Las actividades integradas en los proyectos de obras socialmente necesarias se titulan mediante los siguientes contratos entre la entidad promotora y el beneficiario:<\/p>\n<p style=\"text-align: justify; padding-left: 30px;\">\u2022 En el caso de los desempleados subvencionados, contrato de Trabajo-Inserci\u00f3n;<\/p>\n<p style=\"text-align: justify; padding-left: 30px;\">\u2022 En el caso de los desempleados beneficiarios de la renta social de inserci\u00f3n, un Trabajo-Inserci\u00f3n +<\/p>\n<p style=\"text-align: justify;\">Los desempleados que perciben simult\u00e1neamente prestaciones por desempleo y beneficiarios de la renta social de inserci\u00f3n se consideran desempleados subvencionados, (El contrato tiene una duraci\u00f3n m\u00e1xima de 12 meses, con o sin renovaci\u00f3n). El proyecto cubierto por un contrato de Trabajo-Inserci\u00f3n no puede durar m\u00e1s que el periodo de concesi\u00f3n del subsidio de desempleo. El contrato podr\u00e1 renovarse previa autorizaci\u00f3n del Instituto de Empleo y Formaci\u00f3n Profesional, I. P., seguida de una notificaci\u00f3n escrita de la instituci\u00f3n promotora al beneficiario desempleado con una antelaci\u00f3n m\u00ednima de ocho d\u00edas a la finalizaci\u00f3n del respectivo per\u00edodo.<\/p>\n<p style=\"text-align: justify;\">En la realizaci\u00f3n de las actividades incluidas en un proyecto de trabajo socialmente necesario, el beneficiario est\u00e1 sometido a las normas relativas a la jornada laboral, los descansos diarios y semanales, los d\u00edas festivos, las ausencias y la seguridad, higiene y salud en el trabajo aplicables a los empleados del promotor en general. El promotor conceder\u00e1 al beneficiario, hasta un l\u00edmite de horas correspondiente a cuatro d\u00edas al mes, el tiempo necesario para las gestiones legalmente previstas para la b\u00fasqueda activa de empleo. El promotor no puede exigir al beneficiario que realice actividades no previstas en el proyecto.<\/p>\n<p style=\"text-align: justify;\">En el periodo de las actividades integradas en un proyecto de trabajo socialmente necesario, el desempleado subvencionado est\u00e1 cubierto por el r\u00e9gimen legal de protecci\u00f3n por desempleo.<\/p>\n<p style=\"text-align: justify;\"><strong>Apoyo<\/strong>:<\/p>\n<p style=\"text-align: justify; padding-left: 30px;\">\u2022 El desempleado beneficiario del subsidio de desempleo tiene derecho a un subsidio mensual complementario de un importe correspondiente al 20 % del subsidio de desempleo mensual.<\/p>\n<p style=\"text-align: justify; padding-left: 30px;\">\u2022 Los desempleados que perciben prestaciones sociales de desempleo tienen derecho a un subsidio complementario correspondiente al 20 % del \u00edndice de apoyo social.<\/p>\n<p style=\"text-align: justify; padding-left: 30px;\">\u2022 Los beneficiarios de la renta de integraci\u00f3n social en situaci\u00f3n de desempleo tienen derecho a un subsidio profesional mensual correspondiente al \u00edndice de apoyo social.<\/p>\n<p style=\"text-align: justify;\">La subvenci\u00f3n abonada a los desempleados que perciben el subsidio de desempleo y a los desempleados que perciben el subsidio de desempleo social es abonada por las organizaciones promotoras y, en el caso de las organizaciones privadas sin \u00e1nimo de lucro, est\u00e1 cofinanciada al 50% por el Instituto de Empleo y Formaci\u00f3n Profesional, I.P.<\/p>\n<p style=\"text-align: justify;\">La subvenci\u00f3n concedida a los desempleados beneficiarios de la renta de inserci\u00f3n social es abonada por la instituci\u00f3n promotora y compartida por el Instituto de Empleo y Formaci\u00f3n Profesional, I.P:<\/p>\n<p style=\"text-align: justify; padding-left: 30px;\">\u2022 10 % del IAS a cargo de la entidad promotora y el resto a cargo del Instituto del Empleo y de la Formaci\u00f3n Professional, I. P., en el caso de que la entidad promotora sea una entidad privada sin \u00e1nimo de lucro;<\/p>\n<p style=\"text-align: justify; padding-left: 30px;\">\u2022 20% del IAS a cargo del promotor y el resto a cargo del Instituto del Empleo y de la Formaci\u00f3n Professional, I. P., si el promotor es una entidad p\u00fablica.<\/p>\n<p style=\"text-align: justify; padding-left: 30px;\"><strong>*El IAS para el a\u00f1o 2022 es de 443,20 euros.<\/strong><\/p>\n<p style=\"text-align: justify;\">La entidad promotora debe abonar a los desempleados: Gastos de transporte entre la residencia habitual y el lugar de la actividad si no asegura el transporte hasta el lugar donde se desarrolla la actividad; Subsidio de alimentaci\u00f3n por cada d\u00eda de actividad, de un valor correspondiente a la generalidad de sus trabajadores o, en su defecto, a los trabajadores en funciones p\u00fablicas. El promotor deber\u00e1 contratar un seguro que cubra los riesgos que puedan producirse y por el ejercicio de las actividades integradas en un proyecto de obra socialmente necesaria.<\/p>\n<p style=\"text-align: justify;\">En el per\u00edodo de la aplicaci\u00f3n de estas medidas, los servicios del Instituto de Empleo y Formaci\u00f3n Profesional, I.P., podr\u00e1n llevar a cabo acciones de seguimiento, verificaci\u00f3n o auditor\u00eda.<\/p>\n<p style=\"text-align: justify;\">Para supervisar y aclarar todas las cuestiones relacionadas con las medidas Empleo-Inserci\u00f3n y Empleo-Inserci\u00f3n+, Nominaurea cuenta con un equipo que puede ayudarle.<\/p>\n<p style=\"text-align: justify;\"><strong><a title=\"Contacto Nominaurea\" href=\"index.php?option=com_contact&amp;view=contact&amp;id=1&amp;Itemid=142\">\u00a1Cont\u00e1ctenos!<\/a><\/strong><\/p>\n","protected":false},"excerpt":{"rendered":"<p>Flash Not\u00edcias NA 9\/2022 Contrato de Trabajo-Inserci\u00f3n y Contrato de Trabajo-Inserci\u00f3n + (Despacho n\u00ba 136\/2022 de 4 de abril) Las medidas Contrato de Trabajo-Inserci\u00f3n y Contrato de Trabajo-Inserci\u00f3n+ se refieren a las modalidades en las que los desempleados reciben la prestaci\u00f3n por desempleo o el subsidio social por desempleo. El objetivo es promover la empleabilidad [&hellip;]<\/p>\n","protected":false},"author":2,"featured_media":0,"comment_status":"closed","ping_status":"open","sticky":false,"template":"","format":"standard","meta":{"footnotes":""},"categories":[11],"tags":[],"class_list":["post-2409","post","type-post","status-publish","format-standard","hentry","category-publicaciones"],"_links":{"self":[{"href":"https:\/\/www.nominaurea.pt\/es\/wp-json\/wp\/v2\/posts\/2409","targetHints":{"allow":["GET"]}}],"collection":[{"href":"https:\/\/www.nominaurea.pt\/es\/wp-json\/wp\/v2\/posts"}],"about":[{"href":"https:\/\/www.nominaurea.pt\/es\/wp-json\/wp\/v2\/types\/post"}],"author":[{"embeddable":true,"href":"https:\/\/www.nominaurea.pt\/es\/wp-json\/wp\/v2\/users\/2"}],"replies":[{"embeddable":true,"href":"https:\/\/www.nominaurea.pt\/es\/wp-json\/wp\/v2\/comments?post=2409"}],"version-history":[{"count":1,"href":"https:\/\/www.nominaurea.pt\/es\/wp-json\/wp\/v2\/posts\/2409\/revisions"}],"predecessor-version":[{"id":2420,"href":"https:\/\/www.nominaurea.pt\/es\/wp-json\/wp\/v2\/posts\/2409\/revisions\/2420"}],"wp:attachment":[{"href":"https:\/\/www.nominaurea.pt\/es\/wp-json\/wp\/v2\/media?parent=2409"}],"wp:term":[{"taxonomy":"category","embeddable":true,"href":"https:\/\/www.nominaurea.pt\/es\/wp-json\/wp\/v2\/categories?post=2409"},{"taxonomy":"post_tag","embeddable":true,"href":"https:\/\/www.nominaurea.pt\/es\/wp-json\/wp\/v2\/tags?post=2409"}],"curies":[{"name":"wp","href":"https:\/\/api.w.org\/{rel}","templated":true}]}}