{"id":2363,"date":"2022-09-28T00:00:00","date_gmt":"2022-09-28T00:00:00","guid":{"rendered":"https:\/\/www.nominaurea.pt\/noticias\/comunicacao-de-vinculos-de-trabalhadores-nova-funcionalidade-na-seguranca-social-direta\/"},"modified":"2022-09-28T00:00:00","modified_gmt":"2022-09-28T00:00:00","slug":"comunicacao-de-vinculos-de-trabalhadores-nova-funcionalidade-na-seguranca-social-direta","status":"publish","type":"post","link":"https:\/\/www.nominaurea.pt\/es\/noticias\/comunicacao-de-vinculos-de-trabalhadores-nova-funcionalidade-na-seguranca-social-direta\/","title":{"rendered":"Comunica\u00e7\u00e3o de V\u00ednculos de Trabalhadores &#8211; Nova funcionalidade na Seguran\u00e7a Social Direta"},"content":{"rendered":"<h5 class=\"bto-encabezamiento\">Flash Not\u00edcias NA 16\/2022<\/h5>\n<h5>Comunica\u00e7\u00e3o de V\u00ednculos de Trabalhadores &#8211; Nova funcionalidade na Seguran\u00e7a Social Direta<\/h5>\n<p style=\"text-align: justify;\">Desde o passado dia 1 de abril de 2022, que est\u00e1 dispon\u00edvel na plataforma da Seguran\u00e7a Social Direta, uma nova funcionalidade para as entidades empregadoras e os seus representantes legais \u2013 Comunica\u00e7\u00e3o de V\u00ednculos de Trabalhadores.<\/p>\n<p style=\"text-align: justify;\"><a href=\"javascript:history.go(-1)\" target=\"_self\"><img decoding=\"async\" src=\"images\/volver.png\" alt=\"Volver\" style=\"float: right; margin-left: 10px;\" \/><\/a>No momento da comunica\u00e7\u00e3o, al\u00e9m dos campos j\u00e1 existentes, ser\u00e1 tamb\u00e9m necess\u00e1rio o preenchimento da seguinte informa\u00e7\u00e3o adicional:<\/p>\n<p style=\"text-align: justify; padding-left: 30px;\">\u2022 <strong>Presta\u00e7\u00e3o de trabalho:<\/strong> Indicar se a presta\u00e7\u00e3o de trabalho \u00e9 presencial ou em teletrabalho;<\/p>\n<p style=\"text-align: justify; padding-left: 30px;\">\u2022 <strong>Profiss\u00e3o:<\/strong> De acordo com a Tabela da Classifica\u00e7\u00e3o Portuguesa das Profiss\u00f5es;<\/p>\n<p style=\"text-align: justify; padding-left: 30px;\">\u2022 <strong>Remunera\u00e7\u00e3o base:<\/strong> Remunera\u00e7\u00e3o mensal il\u00edquida;<\/p>\n<p style=\"text-align: justify; padding-left: 30px;\">\u2022 <strong>Percentagem de trabalho:<\/strong> Percentagem de trabalho prestado por refer\u00eancia ao per\u00edodo normal semanal a tempo completo (permite valores decimais), sendo um campo obrigat\u00f3rio para os contratos de trabalho a tempo parcial;<\/p>\n<p style=\"text-align: justify; padding-left: 30px;\">\u2022 <strong>Horas de trabalho:<\/strong> N\u00famero de horas semanais de trabalho. Para contratos de trabalho intermitente, a tempo completo, dever\u00e1 ser indicado o n\u00famero de horas anuais de trabalho, sendo um campo obrigat\u00f3rio para os contratos de trabalho a tempo parcial;<\/p>\n<p style=\"text-align: justify; padding-left: 30px;\">\u2022 <strong>Dias de trabalho:<\/strong> N\u00famero de dias mensais de trabalho. Para contratos de trabalho intermitente, a tempo completo, indicar o n\u00famero de dias anuais de trabalho. Trata-se de um campo obrigat\u00f3rio para os contratos a tempo parcial;<\/p>\n<p style=\"text-align: justify; padding-left: 30px;\">\u2022 <strong>Diuturnidades:<\/strong> Campo opcional;<\/p>\n<p style=\"text-align: justify; padding-left: 30px;\">\u2022 <strong>Modalidade do contrato de trabalho:<\/strong> No v\u00ednculo laboral e sempre que exista altera\u00e7\u00f5es ao contrato de trabalho.<\/p>\n<p style=\"text-align: justify;\">Em abril, passou tamb\u00e9m a ser poss\u00edvel realizar na Seguran\u00e7a Social Direta a gest\u00e3o de contratos ativos, atrav\u00e9s do novo servi\u00e7o em \u201cConsultar trabalhadores\u201d, permitindo assim a atualiza\u00e7\u00e3o da informa\u00e7\u00e3o do contrato. O novo servi\u00e7o est\u00e1 dispon\u00edvel na Seguran\u00e7a Social Direta, menu Emprego &gt; V\u00ednculos de Trabalhadores.<\/p>\n<p style=\"text-align: justify;\">Para garantir a atualiza\u00e7\u00e3o de todos os contratos vigentes, entre 01 de abril e 31 de dezembro de 2022, as entidades empregadoras devem atualizar e registar os dados de contratos para v\u00ednculos ativos j\u00e1 comunicados \u00e0 Seguran\u00e7a Social. Para esta tarefa conte com a equipa de Recursos Humanos da Nominaurea!&nbsp;<strong><a href=\"index.php?option=com_contact&amp;view=contact&amp;id=1&amp;Itemid=142\" title=\"Contacto Nominaurea\">Esperamos o seu contato!<\/a><\/strong><\/p><\/p>\n","protected":false},"excerpt":{"rendered":"<p>Flash Not\u00edcias NA 16\/2022 Comunica\u00e7\u00e3o de V\u00ednculos de Trabalhadores &#8211; Nova funcionalidade na Seguran\u00e7a Social Direta Desde o passado dia 1 de abril de 2022, que est\u00e1 dispon\u00edvel na plataforma da Seguran\u00e7a Social Direta, uma nova funcionalidade para as entidades empregadoras e os seus representantes legais \u2013 Comunica\u00e7\u00e3o de V\u00ednculos de Trabalhadores. No momento da [&hellip;]<\/p>\n","protected":false},"author":2,"featured_media":0,"comment_status":"closed","ping_status":"open","sticky":false,"template":"","format":"standard","meta":{"footnotes":""},"categories":[11],"tags":[],"class_list":["post-2363","post","type-post","status-publish","format-standard","hentry","category-publicaciones"],"_links":{"self":[{"href":"https:\/\/www.nominaurea.pt\/es\/wp-json\/wp\/v2\/posts\/2363","targetHints":{"allow":["GET"]}}],"collection":[{"href":"https:\/\/www.nominaurea.pt\/es\/wp-json\/wp\/v2\/posts"}],"about":[{"href":"https:\/\/www.nominaurea.pt\/es\/wp-json\/wp\/v2\/types\/post"}],"author":[{"embeddable":true,"href":"https:\/\/www.nominaurea.pt\/es\/wp-json\/wp\/v2\/users\/2"}],"replies":[{"embeddable":true,"href":"https:\/\/www.nominaurea.pt\/es\/wp-json\/wp\/v2\/comments?post=2363"}],"version-history":[{"count":0,"href":"https:\/\/www.nominaurea.pt\/es\/wp-json\/wp\/v2\/posts\/2363\/revisions"}],"wp:attachment":[{"href":"https:\/\/www.nominaurea.pt\/es\/wp-json\/wp\/v2\/media?parent=2363"}],"wp:term":[{"taxonomy":"category","embeddable":true,"href":"https:\/\/www.nominaurea.pt\/es\/wp-json\/wp\/v2\/categories?post=2363"},{"taxonomy":"post_tag","embeddable":true,"href":"https:\/\/www.nominaurea.pt\/es\/wp-json\/wp\/v2\/tags?post=2363"}],"curies":[{"name":"wp","href":"https:\/\/api.w.org\/{rel}","templated":true}]}}