{"id":2353,"date":"2022-12-28T09:53:27","date_gmt":"2022-12-28T09:53:27","guid":{"rendered":"https:\/\/www.nominaurea.pt\/noticias\/atualizacao-do-valor-da-retribuicao-minima-mensal-garantida-para-o-ano-2023\/"},"modified":"2025-10-21T14:31:03","modified_gmt":"2025-10-21T14:31:03","slug":"atualizacao-do-valor-da-retribuicao-minima-mensal-garantida-para-o-ano-2023","status":"publish","type":"post","link":"https:\/\/www.nominaurea.pt\/es\/noticias\/atualizacao-do-valor-da-retribuicao-minima-mensal-garantida-para-o-ano-2023\/","title":{"rendered":"Actualizaci\u00f3n del importe del salario m\u00ednimo interprofesional (SMI) en Portugal para el a\u00f1o 2023"},"content":{"rendered":"<h5 class=\"bto-encabezamiento\" style=\"text-align: justify;\">Flash Noticias NA 21\/2022<\/h5>\n<h5 style=\"text-align: justify;\">Actualizaci\u00f3n del importe del salario m\u00ednimo interprofesional (SMI) en Portugal para el a\u00f1o 2023<\/h5>\n<p><span lang=\"ES\">A partir del 1 de enero de 2023, el importe de la retribuci\u00f3n m\u00ednima mensual se actualizar\u00e1 de 705,00\u20ac a 760,00\u20ac.<\/span><\/p>\n<hr id=\"system-readmore\" \/>\n<p>Como es habitual en esta \u00e9poca del a\u00f1o, el Gobierno portugu\u00e9s anunci\u00f3 la actualizaci\u00f3n de la retribuci\u00f3n m\u00ednima mensual a 760,00 \u20ac (setecientos sesenta euros) a partir del 1 de enero de 2023.<\/p>\n<p>Este cambio ya estaba previsto en la ley, concretamente en el Decreto-Ley n.\u00ba 85-A\/2022 de 22 de diciembre.<\/p>\n<p>En Nominaurea queremos que est\u00e9 al tanto de todos los cambios legislativos que tengan impacto en su empresa. \u00a1Esperamos su contacto!<\/p>\n","protected":false},"excerpt":{"rendered":"<p>Flash Noticias NA 21\/2022 Actualizaci\u00f3n del importe del salario m\u00ednimo interprofesional (SMI) en Portugal para el a\u00f1o 2023 A partir del 1 de enero de 2023, el importe de la retribuci\u00f3n m\u00ednima mensual se actualizar\u00e1 de 705,00\u20ac a 760,00\u20ac. Como es habitual en esta \u00e9poca del a\u00f1o, el Gobierno portugu\u00e9s anunci\u00f3 la actualizaci\u00f3n de la [&hellip;]<\/p>\n","protected":false},"author":2,"featured_media":0,"comment_status":"closed","ping_status":"open","sticky":false,"template":"","format":"standard","meta":{"footnotes":""},"categories":[11],"tags":[],"class_list":["post-2353","post","type-post","status-publish","format-standard","hentry","category-publicaciones"],"_links":{"self":[{"href":"https:\/\/www.nominaurea.pt\/es\/wp-json\/wp\/v2\/posts\/2353","targetHints":{"allow":["GET"]}}],"collection":[{"href":"https:\/\/www.nominaurea.pt\/es\/wp-json\/wp\/v2\/posts"}],"about":[{"href":"https:\/\/www.nominaurea.pt\/es\/wp-json\/wp\/v2\/types\/post"}],"author":[{"embeddable":true,"href":"https:\/\/www.nominaurea.pt\/es\/wp-json\/wp\/v2\/users\/2"}],"replies":[{"embeddable":true,"href":"https:\/\/www.nominaurea.pt\/es\/wp-json\/wp\/v2\/comments?post=2353"}],"version-history":[{"count":1,"href":"https:\/\/www.nominaurea.pt\/es\/wp-json\/wp\/v2\/posts\/2353\/revisions"}],"predecessor-version":[{"id":2364,"href":"https:\/\/www.nominaurea.pt\/es\/wp-json\/wp\/v2\/posts\/2353\/revisions\/2364"}],"wp:attachment":[{"href":"https:\/\/www.nominaurea.pt\/es\/wp-json\/wp\/v2\/media?parent=2353"}],"wp:term":[{"taxonomy":"category","embeddable":true,"href":"https:\/\/www.nominaurea.pt\/es\/wp-json\/wp\/v2\/categories?post=2353"},{"taxonomy":"post_tag","embeddable":true,"href":"https:\/\/www.nominaurea.pt\/es\/wp-json\/wp\/v2\/tags?post=2353"}],"curies":[{"name":"wp","href":"https:\/\/api.w.org\/{rel}","templated":true}]}}