{"id":2292,"date":"2023-05-03T13:28:19","date_gmt":"2023-05-03T13:28:19","guid":{"rendered":"https:\/\/www.nominaurea.pt\/noticias\/as-tributacoes-autonomas-das-viaturas-em-2023\/"},"modified":"2025-10-21T12:46:48","modified_gmt":"2025-10-21T12:46:48","slug":"as-tributacoes-autonomas-das-viaturas-em-2023","status":"publish","type":"post","link":"https:\/\/www.nominaurea.pt\/es\/noticias\/as-tributacoes-autonomas-das-viaturas-em-2023\/","title":{"rendered":"La Tributaci\u00f3n Aut\u00f3noma de los Veh\u00edculos en 2023"},"content":{"rendered":"<h5 class=\"bto-encabezamiento\">Flash Noticias NA 3\/05\/2023<\/h5>\n<h5>La Tributaci\u00f3n Aut\u00f3noma de los Veh\u00edculos en 2023<\/h5>\n<p style=\"text-align: justify;\"><span style=\"caret-color: auto;\">La tributaci\u00f3n aut\u00f3noma es un impuesto que recae sobre algunos tipos de gastos que, seg\u00fan el entendimiento de la autoridad fiscal, no son esenciales para la actividad de la empresa y tambi\u00e9n como medida antiabuso para algunas pr\u00e1cticas en estas materias.<\/span><\/p>\n<hr id=\"system-readmore\" \/>\n<p style=\"text-align: justify;\"><a href=\"es\/noticias.html\"><img decoding=\"async\" style=\"float: right; margin-left: 10px;\" src=\"images\/volver.png\" alt=\"\" data-alt=\"Volver\" \/><\/a><\/p>\n<p style=\"text-align: justify;\">De esta forma, para estimar el impuesto a pagar en cada ejercicio, debe considerarse tanto la tasa de impuesto sobre los beneficios, las tasas municipales y estatales y tambi\u00e9n la tributaci\u00f3n aut\u00f3noma.<\/p>\n<p style=\"text-align: justify;\">Esta \u00faltima puede representar una parte importante del impuesto a pagar, especialmente para empresas que tengan veh\u00edculos ligeros de pasajeros.<\/p>\n<p style=\"text-align: justify;\">En los \u00faltimos a\u00f1os se han producido varios cambios en las tasas de las tributaciones aut\u00f3nomas, en particular para los veh\u00edculos, con el fin de beneficiar a los menos contaminantes, en el \u00e1mbito de la implantaci\u00f3n de una fiscalidad m\u00e1s \u201cverde\u201d.<\/p>\n<p style=\"text-align: justify;\">El Presupuesto General del Estado para 2023 introduce ahora una tasa de tributaci\u00f3n aut\u00f3noma del 10%, para los veh\u00edculos de propulsi\u00f3n exclusivamente el\u00e9ctrica, cuyo coste de adquisici\u00f3n supere los 62.500 euros para los veh\u00edculos adquiridos a partir de 2015; 50.000 euros para los adquiridos entre 2012 y 2014, 45.000 euros si se adquirieron en 2011; 40.000 euros en 2010 y 29.927,87 euros si la adquisici\u00f3n tuvo lugar antes de 2009, que hasta ahora estaban totalmente exentos de tributaci\u00f3n auton\u00f3mica.<\/p>\n<p style=\"text-align: justify;\">La tasa aplicable a los veh\u00edculos ligeros h\u00edbridos se reduce al 2,5%, 7,5% y 15% (dependiendo del valor de adquisici\u00f3n), pero solo para veh\u00edculos cuya bater\u00eda pueda cargarse conect\u00e1ndose a la red el\u00e9ctrica y que tengan una autonom\u00eda m\u00ednima, en modo el\u00e9ctrico, de 50 km y emisiones oficiales inferiores a 50 gCO2\/km.<\/p>\n<p style=\"text-align: justify;\">La disminuci\u00f3n m\u00e1s significativa recae en los veh\u00edculos ligeros de pasajeros propulsados por gas natural vehicular, cuyas tasas, seg\u00fan el tramo del precio de adquisici\u00f3n, bajan del 7,5% al 2,5%, del 15% al 7,5% y del 27,5% al 15%.<\/p>\n<p style=\"text-align: justify;\">Hay que se\u00f1alar que los cambios ahora introducidos por el Presupuesto General del Estado para 2023 se aplican a los veh\u00edculos que ya eran propiedad de las empresas a 31 de diciembre de 2022.<\/p>\n<p style=\"text-align: justify;\">Las tasas de tributaci\u00f3n aut\u00f3noma para los veh\u00edculos ligeros en 2023 son:<\/p>\n<p><img fetchpriority=\"high\" decoding=\"async\" style=\"display: block; margin-left: auto; margin-right: auto;\" src=\"images\/publicaciones\/2023\/La_Tributaci\u00f3n_Aut\u00f3noma_de_los_Veh\u00edculos_en_2023.jpg\" alt=\"La Tributaci\u00f3n Aut\u00f3noma de los Veh\u00edculos en 2023\" width=\"685\" height=\"231\" \/><\/p>\n<p style=\"padding-left: 60px; text-align: justify;\">1. Se a\u00f1aden 10 puntos porcentuales en caso de p\u00e9rdida fiscal en el per\u00edodo impositivo, salvo que se trate del per\u00edodo de inicio de actividad o el siguiente.<br \/>\n2. Podr\u00e1 dispensarse de la aplicaci\u00f3n de estas tasas si se cumplen determinadas condiciones.<br \/>\n3. Las tasas no se aplican a veh\u00edculos considerados \u201ccomerciales\u201d o de mercanc\u00edas.<\/p>\n<p style=\"text-align: justify;\">Los empresarios deben tener en cuenta el peso de la tributaci\u00f3n a la hora de elegir los veh\u00edculos de la empresa, considerando el peso que \u00e9sta tiene en el impuesto final a pagar.<\/p>\n<p style=\"text-align: justify;\">En <a href=\"es\/\">Nominaurea<\/a> contamos con equipos especializados para asesorarle y asistirle en estas materias.<\/p>\n","protected":false},"excerpt":{"rendered":"<p>Flash Noticias NA 3\/05\/2023 La Tributaci\u00f3n Aut\u00f3noma de los Veh\u00edculos en 2023 La tributaci\u00f3n aut\u00f3noma es un impuesto que recae sobre algunos tipos de gastos que, seg\u00fan el entendimiento de la autoridad fiscal, no son esenciales para la actividad de la empresa y tambi\u00e9n como medida antiabuso para algunas pr\u00e1cticas en estas materias. De esta [&hellip;]<\/p>\n","protected":false},"author":2,"featured_media":0,"comment_status":"closed","ping_status":"open","sticky":false,"template":"","format":"standard","meta":{"footnotes":""},"categories":[11],"tags":[],"class_list":["post-2292","post","type-post","status-publish","format-standard","hentry","category-publicaciones"],"_links":{"self":[{"href":"https:\/\/www.nominaurea.pt\/es\/wp-json\/wp\/v2\/posts\/2292","targetHints":{"allow":["GET"]}}],"collection":[{"href":"https:\/\/www.nominaurea.pt\/es\/wp-json\/wp\/v2\/posts"}],"about":[{"href":"https:\/\/www.nominaurea.pt\/es\/wp-json\/wp\/v2\/types\/post"}],"author":[{"embeddable":true,"href":"https:\/\/www.nominaurea.pt\/es\/wp-json\/wp\/v2\/users\/2"}],"replies":[{"embeddable":true,"href":"https:\/\/www.nominaurea.pt\/es\/wp-json\/wp\/v2\/comments?post=2292"}],"version-history":[{"count":2,"href":"https:\/\/www.nominaurea.pt\/es\/wp-json\/wp\/v2\/posts\/2292\/revisions"}],"predecessor-version":[{"id":2305,"href":"https:\/\/www.nominaurea.pt\/es\/wp-json\/wp\/v2\/posts\/2292\/revisions\/2305"}],"wp:attachment":[{"href":"https:\/\/www.nominaurea.pt\/es\/wp-json\/wp\/v2\/media?parent=2292"}],"wp:term":[{"taxonomy":"category","embeddable":true,"href":"https:\/\/www.nominaurea.pt\/es\/wp-json\/wp\/v2\/categories?post=2292"},{"taxonomy":"post_tag","embeddable":true,"href":"https:\/\/www.nominaurea.pt\/es\/wp-json\/wp\/v2\/tags?post=2292"}],"curies":[{"name":"wp","href":"https:\/\/api.w.org\/{rel}","templated":true}]}}