{"id":2288,"date":"2023-05-17T12:35:44","date_gmt":"2023-05-17T12:35:44","guid":{"rendered":"https:\/\/www.nominaurea.pt\/noticias\/faltas-por-nojo\/"},"modified":"2025-10-21T12:45:14","modified_gmt":"2025-10-21T12:45:14","slug":"faltas-por-nojo","status":"publish","type":"post","link":"https:\/\/www.nominaurea.pt\/es\/noticias\/faltas-por-nojo\/","title":{"rendered":"Faltas justificadas por fallecimiento de un familiar en Portugal"},"content":{"rendered":"<h5 class=\"bto-encabezamiento\">Flash Noticias NA 17\/05\/2023<\/h5>\n<h5>Faltas justificadas por fallecimiento de un familiar en Portugal.<\/h5>\n<p style=\"text-align: justify;\"><span style=\"caret-color: auto;\">Las ausencias por fallecimiento de un familiar se consideran justificadas y pagadas en los t\u00e9rminos que indicamos en el siguiente art\u00edculo.<\/span><\/p>\n<hr id=\"system-readmore\" \/>\n<p style=\"text-align: justify;\"><a href=\"es\/noticias.html\"><img decoding=\"async\" style=\"float: right; margin-left: 10px;\" src=\"images\/volver.png\" alt=\"\" data-alt=\"Volver\" \/><\/a><\/p>\n<p style=\"text-align: justify;\">\u00bfA cu\u00e1ntos d\u00edas tiene derecho el trabajador por ausencia justificada?<\/p>\n<p style=\"text-align: justify; padding-left: 30px;\">a) hasta veinte d\u00edas consecutivos, por fallecimiento de c\u00f3nyuge no separado legalmente, hijo o hijastro;<\/p>\n<p style=\"text-align: justify; padding-left: 30px;\">b) hasta cinco d\u00edas consecutivos, por fallecimiento de pariente o allegado hasta el 1\u00ba grado en l\u00ednea directa, a excepci\u00f3n de los incluidos en el p\u00e1rrafo anterior (padre\/madre\/suegra\/suegra\/padrastro\/madrastra);<\/p>\n<p style=\"text-align: justify; padding-left: 30px;\">c) hasta dos d\u00edas consecutivos, por fallecimiento de otro familiar o pariente en l\u00ednea directa (abuelo\/a\/abuela\/nieto\/a\/nieta\/nieto\/a &#8211; propio o del c\u00f3nyuge), o pariente en 2\u00ba grado en l\u00ednea colateral (hermana\/hermano\/cu\u00f1ado\/cu\u00f1ada).<\/p>\n<p style=\"text-align: justify;\">En el c\u00f3mputo de las ausencias por fallecimiento (veinte d\u00edas, cinco d\u00edas o dos d\u00edas) no se pueden tener en cuenta los d\u00edas de descanso ni las vacaciones intermedias.<\/p>\n<p style=\"text-align: justify;\">El inicio de la ausencia por fallecimiento de un familiar comienza en el d\u00eda del fallecimiento, aunque puede pactarse una hora distinta o establecerse otra por convenio colectivo.<\/p>\n<p style=\"text-align: justify;\">Si el fallecimiento se produce al final de la jornada, despu\u00e9s de que el trabajador haya completado el periodo diario normal de trabajo, los d\u00edas de ausencia al trabajo por fallecimiento deben contarse a partir del d\u00eda siguiente.<\/p>\n<p style=\"text-align: justify;\">Para ello, el trabajador deber\u00e1 cumplir con el deber de comunicar al empresario las ausencias, teniendo en cuenta que \u00e9ste podr\u00e1 exigir la acreditaci\u00f3n del motivo de la ausencia en el plazo de 15 d\u00edas desde la comunicaci\u00f3n de esta.<\/p>\n<p style=\"text-align: justify;\">(<a href=\"https:\/\/dre.pt\/dre\/legislacao-consolidada\/lei\/2009-34546475\" target=\"_blank\" rel=\"noopener\">art\u00edculo 251 del <span style=\"text-decoration: underline;\">C\u00f3digo del Trabajo<\/span><\/a>)<\/p>\n<p style=\"text-align: justify;\">Para acompa\u00f1ar y aclarar todas las cuestiones relacionadas con el d\u00eda a d\u00eda de los recursos humanos de su empresa, Nominaurea dispone de profesionales cualificados para ayudarle.\u00a0<a href=\"es\/contacto\/despacho-de-lisboa.html\">\u00a1P\u00f3ngase en contacto con nosotros!<\/a><\/p>\n","protected":false},"excerpt":{"rendered":"<p>Flash Noticias NA 17\/05\/2023 Faltas justificadas por fallecimiento de un familiar en Portugal. Las ausencias por fallecimiento de un familiar se consideran justificadas y pagadas en los t\u00e9rminos que indicamos en el siguiente art\u00edculo. \u00bfA cu\u00e1ntos d\u00edas tiene derecho el trabajador por ausencia justificada? a) hasta veinte d\u00edas consecutivos, por fallecimiento de c\u00f3nyuge no separado [&hellip;]<\/p>\n","protected":false},"author":2,"featured_media":0,"comment_status":"closed","ping_status":"open","sticky":false,"template":"","format":"standard","meta":{"footnotes":""},"categories":[11],"tags":[],"class_list":["post-2288","post","type-post","status-publish","format-standard","hentry","category-publicaciones"],"_links":{"self":[{"href":"https:\/\/www.nominaurea.pt\/es\/wp-json\/wp\/v2\/posts\/2288","targetHints":{"allow":["GET"]}}],"collection":[{"href":"https:\/\/www.nominaurea.pt\/es\/wp-json\/wp\/v2\/posts"}],"about":[{"href":"https:\/\/www.nominaurea.pt\/es\/wp-json\/wp\/v2\/types\/post"}],"author":[{"embeddable":true,"href":"https:\/\/www.nominaurea.pt\/es\/wp-json\/wp\/v2\/users\/2"}],"replies":[{"embeddable":true,"href":"https:\/\/www.nominaurea.pt\/es\/wp-json\/wp\/v2\/comments?post=2288"}],"version-history":[{"count":2,"href":"https:\/\/www.nominaurea.pt\/es\/wp-json\/wp\/v2\/posts\/2288\/revisions"}],"predecessor-version":[{"id":2301,"href":"https:\/\/www.nominaurea.pt\/es\/wp-json\/wp\/v2\/posts\/2288\/revisions\/2301"}],"wp:attachment":[{"href":"https:\/\/www.nominaurea.pt\/es\/wp-json\/wp\/v2\/media?parent=2288"}],"wp:term":[{"taxonomy":"category","embeddable":true,"href":"https:\/\/www.nominaurea.pt\/es\/wp-json\/wp\/v2\/categories?post=2288"},{"taxonomy":"post_tag","embeddable":true,"href":"https:\/\/www.nominaurea.pt\/es\/wp-json\/wp\/v2\/tags?post=2288"}],"curies":[{"name":"wp","href":"https:\/\/api.w.org\/{rel}","templated":true}]}}