{"id":2261,"date":"2023-09-13T10:03:20","date_gmt":"2023-09-13T10:03:20","guid":{"rendered":"https:\/\/www.nominaurea.pt\/noticias\/contratacao-de-menores-em-portugal\/"},"modified":"2025-10-21T12:30:27","modified_gmt":"2025-10-21T12:30:27","slug":"contratacao-de-menores-em-portugal","status":"publish","type":"post","link":"https:\/\/www.nominaurea.pt\/es\/noticias\/contratacao-de-menores-em-portugal\/","title":{"rendered":"Contrataci\u00f3n de menores de edad en Portugal"},"content":{"rendered":"<h5 class=\"bto-encabezamiento\" style=\"text-align: justify;\">Flash Noticias NA 14\/09\/2023<\/h5>\n<h5 style=\"text-align: justify;\"><strong>Contrataci\u00f3n de menores de edad en Portugal<\/strong><\/h5>\n<p>La contrataci\u00f3n de un menor de edad en Portugal implica condiciones y tr\u00e1mites y adicionales que aclararemos paso a paso a lo largo de este art\u00edculo.<\/p>\n<hr id=\"system-readmore\" \/>\n<p style=\"text-align: justify;\">En Portugal es posible celebrar un contrato de trabajo entre una empresa y un trabajador menor de edad (art\u00edculo 68 del C\u00f3digo del Trabajo). Para ello, el menor debe tener un m\u00ednimo de 16 a\u00f1os. Tambi\u00e9n es obligatorio que, durante la celebraci\u00f3n del contrato, el menor no rompa el v\u00ednculo con el sistema educativo, salvo que haya completado la educaci\u00f3n obligatoria.<\/p>\n<p style=\"text-align: justify;\">Por \u00faltimo, para que el menor pueda trabajar habr\u00e1 que asegurar que su condici\u00f3n f\u00edsica y psicol\u00f3gica est\u00e1n en l\u00ednea con las exigencias de las tareas a realizar.<\/p>\n<p style=\"text-align: justify;\">Como con los restantes trabajadores, el empleador deber\u00e1 garantizar la seguridad y salud del trabajador menor durante toda la relaci\u00f3n laboral no pudiendo, en ning\u00fan momento, poner en riesgo el bienestar del menor [Ley n\u00b0 47\/2012, art\u00edculo 66 del C\u00f3digo del Trabajo].<\/p>\n<p>En resumen, para poder trabajar el menor deber\u00e1:<\/p>\n<p style=\"padding-left: 30px;\">\u2022 \u201ctener la edad m\u00ednima de admisi\u00f3n, 16 a\u00f1os\u201d;<br \/>\n\u2022 \u201chaber completado la educaci\u00f3n obligatoria o estar matriculado y cursando educaci\u00f3n secundaria\u201d;<br \/>\n\u2022 \u201ctener las capacidades f\u00edsicas y mentales apropiadas para el trabajo\u201d.<\/p>\n<p style=\"text-align: justify;\">Adem\u00e1s de los tr\u00e1mites habituales, en este tipo de contrataci\u00f3n tambi\u00e9n hay que transmitir, en el plazo de 8 d\u00edas, la informaci\u00f3n del inicio del contrato a la Autoridad para las Condiciones de Trabajo (ACT). El incumplimiento de este requisito constituye una infracci\u00f3n leve.<br \/>\nPara comunicar el ingreso de un trabajador menor de edad al ACT deber\u00e1 seguir los siguientes pasos:<\/p>\n<p style=\"text-align: justify;\">1. Acceder a la p\u00e1gina de inicio de ACT (Portal ACT);<\/p>\n<p><img fetchpriority=\"high\" decoding=\"async\" src=\"images\/publicaciones\/2023\/Nominaurea_-_Aceder_\u00e0_p\u00e1gina_inicial_da_ACT.jpg\" alt=\"Nominaurea Aceder \u00e0 p\u00e1gina inicial da ACT\" width=\"712\" height=\"382\" data-alt=\"2023.03.10 HMC PT\" \/><\/p>\n<p>2. Ir al men\u00fa \u201cEmpleador\u201d;<\/p>\n<p><img decoding=\"async\" src=\"images\/publicaciones\/2023\/Nominaurea_-_Dirigir-se_ao_menu_Empregador.jpg\" alt=\"Nominaurea Dirigir se ao menu Empregador\" width=\"262\" height=\"87\" \/><\/p>\n<p>3. Seleccione \u201cSolicitudes y Comunicaciones\u201d;<\/p>\n<p><img decoding=\"async\" src=\"images\/publicaciones\/2023\/Nominaurea_-_Selecionar_Requerimentos_e_Comunica\u00e7\u00f5es.jpg\" alt=\"Nominaurea Selecionar Requerimentos e Comunica\u00e7\u00f5es\" width=\"725\" height=\"157\" \/><\/p>\n<p>4. Elegir \u201cAdmisi\u00f3n de menores sin educaci\u00f3n obligatoria\u201d;<\/p>\n<p><img loading=\"lazy\" decoding=\"async\" src=\"images\/publicaciones\/2023\/Nominaurea_-_Escolher_Admiss\u00e3o_de_menor_sem_escolaridade_obrigat\u00f3ria.jpg\" alt=\"Nominaurea Escolher Admiss\u00e3o de menor sem escolaridade obrigat\u00f3ria\" width=\"713\" height=\"97\" \/><\/p>\n<p>5. Ingresar las credenciales del Contratante;<\/p>\n<p><img loading=\"lazy\" decoding=\"async\" src=\"images\/publicaciones\/2023\/Nominaurea_-_Colocar_as_credenciais_da_Entidade_Empregadora.jpg\" alt=\"Nominaurea Colocar as credenciais da Entidade Empregadora\" width=\"680\" height=\"350\" \/><\/p>\n<p>6. Complete el formulario;<\/p>\n<p><img loading=\"lazy\" decoding=\"async\" src=\"images\/publicaciones\/2023\/Nominaurea_-_Preencher_o_formul\u00e1rio.jpg\" alt=\"Nominaurea Preencher o formul\u00e1rio\" width=\"717\" height=\"375\" \/><\/p>\n<p>7. Adjuntar el contrato de trabajo del empleado;<\/p>\n<p><img loading=\"lazy\" decoding=\"async\" src=\"images\/publicaciones\/2023\/Nominaurea_-_Anexar_o_contrato_de_trabalho_do_colaborador.jpg\" alt=\"Nominaurea Anexar o contrato de trabalho do colaborador\" width=\"717\" height=\"107\" \/><\/p>\n<p>8. Env\u00ede el formulario.<\/p>\n<p><img loading=\"lazy\" decoding=\"async\" src=\"images\/publicaciones\/2023\/Nominaurea_-_Submeter_o_formul\u00e1riojpg.jpg\" alt=\"Nominaurea Submeter o formul\u00e1riojpg\" width=\"763\" height=\"195\" \/><\/p>\n<p>Fuente:<br \/>\nC\u00f3digo del Trabajo <a href=\"https:\/\/portal.act.gov.pt\/AnexosPDF\/Legisla%C3%A7%C3%A3o%20nacional\/C%C3%B3digo%20do%20trabalho.pdf\" target=\"_blank\" rel=\"noopener\">https:\/\/portal.act.gov.pt\/AnexosPDF\/Legisla%C3%A7%C3%A3o%20nacional\/C%C3%B3digo%20do%20trabalho.pdf<\/a><\/p>\n<p>En Nominaurea estamos disponibles para apoyar a su empresa en todos los procedimientos administrativos relativos a la contrataci\u00f3n de trabajadores en Portugal, cumpliendo con todos los plazos y requisitos legales. \u00a1Esperamos su contacto!<\/p>\n","protected":false},"excerpt":{"rendered":"<p>Flash Noticias NA 14\/09\/2023 Contrataci\u00f3n de menores de edad en Portugal La contrataci\u00f3n de un menor de edad en Portugal implica condiciones y tr\u00e1mites y adicionales que aclararemos paso a paso a lo largo de este art\u00edculo. En Portugal es posible celebrar un contrato de trabajo entre una empresa y un trabajador menor de edad [&hellip;]<\/p>\n","protected":false},"author":2,"featured_media":0,"comment_status":"closed","ping_status":"open","sticky":false,"template":"","format":"standard","meta":{"footnotes":""},"categories":[11],"tags":[],"class_list":["post-2261","post","type-post","status-publish","format-standard","hentry","category-publicaciones"],"_links":{"self":[{"href":"https:\/\/www.nominaurea.pt\/es\/wp-json\/wp\/v2\/posts\/2261","targetHints":{"allow":["GET"]}}],"collection":[{"href":"https:\/\/www.nominaurea.pt\/es\/wp-json\/wp\/v2\/posts"}],"about":[{"href":"https:\/\/www.nominaurea.pt\/es\/wp-json\/wp\/v2\/types\/post"}],"author":[{"embeddable":true,"href":"https:\/\/www.nominaurea.pt\/es\/wp-json\/wp\/v2\/users\/2"}],"replies":[{"embeddable":true,"href":"https:\/\/www.nominaurea.pt\/es\/wp-json\/wp\/v2\/comments?post=2261"}],"version-history":[{"count":2,"href":"https:\/\/www.nominaurea.pt\/es\/wp-json\/wp\/v2\/posts\/2261\/revisions"}],"predecessor-version":[{"id":2272,"href":"https:\/\/www.nominaurea.pt\/es\/wp-json\/wp\/v2\/posts\/2261\/revisions\/2272"}],"wp:attachment":[{"href":"https:\/\/www.nominaurea.pt\/es\/wp-json\/wp\/v2\/media?parent=2261"}],"wp:term":[{"taxonomy":"category","embeddable":true,"href":"https:\/\/www.nominaurea.pt\/es\/wp-json\/wp\/v2\/categories?post=2261"},{"taxonomy":"post_tag","embeddable":true,"href":"https:\/\/www.nominaurea.pt\/es\/wp-json\/wp\/v2\/tags?post=2261"}],"curies":[{"name":"wp","href":"https:\/\/api.w.org\/{rel}","templated":true}]}}