{"id":2255,"date":"2023-10-31T09:03:12","date_gmt":"2023-10-31T09:03:12","guid":{"rendered":"https:\/\/www.nominaurea.pt\/noticias\/limites-isentos-dos-valores-de-compensacao-pelo-teletrabalho\/"},"modified":"2025-10-21T12:27:52","modified_gmt":"2025-10-21T12:27:52","slug":"limites-isentos-dos-valores-de-compensacao-pelo-teletrabalho","status":"publish","type":"post","link":"https:\/\/www.nominaurea.pt\/es\/noticias\/limites-isentos-dos-valores-de-compensacao-pelo-teletrabalho\/","title":{"rendered":"L\u00edmites exentos de los importes de compensaci\u00f3n por teletrabajo en Portugal"},"content":{"rendered":"<h5 class=\"bto-encabezamiento\" style=\"text-align: justify;\">Flash Noticias NA 31\/10\/2023<\/h5>\n<h5 style=\"text-align: justify;\">L\u00edmites exentos de los importes de compensaci\u00f3n por teletrabajo en Portugal<\/h5>\n<p style=\"text-align: justify;\">Recientemente han sido determinados los l\u00edmites a los importes de compensaci\u00f3n por teletrabajo exentos del pago del Impuesto sobre la Renta de las Personas F\u00edsicas (IRPF) y de las cotizaciones a la Seguridad Social, que estaban previstos en el apartado 6 del art\u00edculo 168 del C\u00f3digo del Trabajo.<\/p>\n<hr id=\"system-readmore\" \/>\n<p style=\"text-align: justify;\">La Agenda del Trabajo Digno en Portugal introdujo cambios en materia de teletrabajo, concretamente la compensaci\u00f3n al trabajador por la adquisici\u00f3n de equipos y los gastos adicionales inherentes a su uso.<\/p>\n<p style=\"text-align: justify;\">A partir del d\u00eda 1 de octubre de 2023 se determinan los importes l\u00edmite de compensaci\u00f3n que puede pagar el empleador al trabajador y que est\u00e1n exentos del pago del IRPF y de las cotizaciones a la Seguridad Social que son los siguientes:<\/p>\n<p style=\"padding-left: 30px; text-align: justify;\">&#8211; Consumo residencial de electricidad: \u20ac0,10 al d\u00eda;<\/p>\n<p style=\"padding-left: 30px; text-align: justify;\">&#8211; Consumo personal de Internet: \u20ac0,40 al d\u00eda;<\/p>\n<p style=\"padding-left: 30px; text-align: justify;\">&#8211; Ordenador o equipo inform\u00e1tico personal equivalente: \u20ac0,50 al d\u00eda;<\/p>\n<p style=\"text-align: justify;\">Estos l\u00edmites pueden incrementarse en un 50% si est\u00e1 incluidos en un instrumento de regulaci\u00f3n colectiva del trabajo.<\/p>\n<p style=\"text-align: justify;\">Los l\u00edmites indicados s\u00f3lo pueden aplicarse a la compensaci\u00f3n por el uso profesional en r\u00e9gimen de teletrabajo de bienes o servicios que no hayan sido puestos a disposici\u00f3n directa o indirectamente por el empleador. Por ejemplo, si el empleador pone un ordenador a disposici\u00f3n del trabajador, no se aplica la compensaci\u00f3n diaria de \u20ac0,50 por el uso de un ordenador o equipo inform\u00e1tico personal equivalente. Igualmente, s\u00f3lo pueden aplicarse a jornadas completas de teletrabajo y si existe un acuerdo por escrito entre el empleador y el empleado en conformidad con el art\u00edculo 166 del C\u00f3digo del Trabajo. Estas compensaciones se consideran un coste fiscal para el empleador.<\/p>\n<p style=\"text-align: justify;\">En Nominaurea, estamos disponibles para apoyar a su empresa en todos los aspectos fundamentales para el desarrollo de su actividad, cumpliendo siempre con todos los requisitos legales.<\/p>\n<p style=\"text-align: justify;\"><a href=\"es\/contacto\/despacho-de-lisboa.html\">\u00a1Esperamos su contacto!<\/a><\/p>\n","protected":false},"excerpt":{"rendered":"<p>Flash Noticias NA 31\/10\/2023 L\u00edmites exentos de los importes de compensaci\u00f3n por teletrabajo en Portugal Recientemente han sido determinados los l\u00edmites a los importes de compensaci\u00f3n por teletrabajo exentos del pago del Impuesto sobre la Renta de las Personas F\u00edsicas (IRPF) y de las cotizaciones a la Seguridad Social, que estaban previstos en el apartado [&hellip;]<\/p>\n","protected":false},"author":2,"featured_media":0,"comment_status":"closed","ping_status":"open","sticky":false,"template":"","format":"standard","meta":{"footnotes":""},"categories":[11],"tags":[],"class_list":["post-2255","post","type-post","status-publish","format-standard","hentry","category-publicaciones"],"_links":{"self":[{"href":"https:\/\/www.nominaurea.pt\/es\/wp-json\/wp\/v2\/posts\/2255","targetHints":{"allow":["GET"]}}],"collection":[{"href":"https:\/\/www.nominaurea.pt\/es\/wp-json\/wp\/v2\/posts"}],"about":[{"href":"https:\/\/www.nominaurea.pt\/es\/wp-json\/wp\/v2\/types\/post"}],"author":[{"embeddable":true,"href":"https:\/\/www.nominaurea.pt\/es\/wp-json\/wp\/v2\/users\/2"}],"replies":[{"embeddable":true,"href":"https:\/\/www.nominaurea.pt\/es\/wp-json\/wp\/v2\/comments?post=2255"}],"version-history":[{"count":2,"href":"https:\/\/www.nominaurea.pt\/es\/wp-json\/wp\/v2\/posts\/2255\/revisions"}],"predecessor-version":[{"id":2266,"href":"https:\/\/www.nominaurea.pt\/es\/wp-json\/wp\/v2\/posts\/2255\/revisions\/2266"}],"wp:attachment":[{"href":"https:\/\/www.nominaurea.pt\/es\/wp-json\/wp\/v2\/media?parent=2255"}],"wp:term":[{"taxonomy":"category","embeddable":true,"href":"https:\/\/www.nominaurea.pt\/es\/wp-json\/wp\/v2\/categories?post=2255"},{"taxonomy":"post_tag","embeddable":true,"href":"https:\/\/www.nominaurea.pt\/es\/wp-json\/wp\/v2\/tags?post=2255"}],"curies":[{"name":"wp","href":"https:\/\/api.w.org\/{rel}","templated":true}]}}