{"id":2182,"date":"2024-03-05T08:48:31","date_gmt":"2024-03-05T08:48:31","guid":{"rendered":"https:\/\/www.nominaurea.pt\/noticias\/irc-o-que-mudou-com-orcamento-de-estado-2023\/"},"modified":"2025-10-21T12:06:27","modified_gmt":"2025-10-21T12:06:27","slug":"irc-o-que-mudou-com-orcamento-de-estado-2023","status":"publish","type":"post","link":"https:\/\/www.nominaurea.pt\/es\/noticias\/irc-o-que-mudou-com-orcamento-de-estado-2023\/","title":{"rendered":"Impuesto de sociedades &#8211; Qu\u00e9 ha cambiado con el presupuesto estatal 2023"},"content":{"rendered":"<h5 class=\"bto-encabezamiento\" style=\"text-align: justify;\">Flash Noticias NA 05\/03\/2024<\/h5>\n<h5 style=\"text-align: justify;\">Impuesto de sociedades &#8211; Qu\u00e9 ha cambiado con el presupuesto estatal 2023<\/h5>\n<p style=\"text-align: justify;\">Finalizado el a\u00f1o 2023, empieza ahora el ciclo de cierre de cuentas para la mayor\u00eda de las empresas, a excepci\u00f3n de aquellas que hayan optado por un r\u00e9gimen fiscal diferenciado.<\/p>\n<hr id=\"system-readmore\" \/>\n<p style=\"text-align: justify;\"><a href=\"es\/noticias.html\"><img decoding=\"async\" style=\"float: right; margin-left: 10px;\" src=\"images\/volver.png\" alt=\"\" data-alt=\"Volver\" \/><\/a><\/p>\n<p style=\"text-align: justify;\">El proceso que implica el cierre de cuentas de las empresas que incluye la Verificaci\u00f3n de Inventarios, Confirmaci\u00f3n de Activos Fijos, Conciliaciones Bancarias, Conferencia de Clientes y Proveedores, Verificaci\u00f3n de la Cuenta de Personal, Validaci\u00f3n de la Cuenta de Estado, Control de Adiciones y Aplazamientos, Control de las Remuneraciones a Liquidar, etc., da como resultado la liquidaci\u00f3n del resultado contable y fiscal.<\/p>\n<p style=\"text-align: justify;\"><span style=\"text-decoration: underline;\">Impuesto de Sociedades<\/span><\/p>\n<p style=\"text-align: justify;\">Considerando el presupuesto del Estado para el a\u00f1o 2023, los principales cambios que deben tenerse en cuenta al calcular el impuesto de sociedades son:<\/p>\n<p style=\"text-align: justify; padding-left: 30px;\">\u2022 La tasa reducida de Impuesto de Sociedades aplicable a las PYMEs ahora se aplica a las peque\u00f1as y medianas empresas de capitalizaci\u00f3n (Small Mid Cap)*, siendo la tasa del 17 % aplicable a los primeros 50.000 euros de base imponible (anteriormente 25.000 euros aplicable a las PYMEs), para la base imponible restante se aplicar\u00e1 la tasa normal del 21%;<\/p>\n<p style=\"text-align: justify; padding-left: 30px;\">\u2022 Los gastos de los veh\u00edculos impulsados exclusivamente por energ\u00eda el\u00e9ctrica se gravan con impuestos aut\u00f3nomos a la tasa de un 10 % cuando el coste de adquisici\u00f3n supera los 62.500 euros (anteriormente, los gastos no estaban sujetos a impuestos aut\u00f3nomos);<\/p>\n<p style=\"text-align: justify; padding-left: 30px;\">\u2022 Los cargos por veh\u00edculos ligeros de pasajeros h\u00edbridos enchufables e impulsados por GNV se gravan con las mismas tasas impositivas aut\u00f3nomas: 2,5%, 7,5% y 15% (anteriormente, h\u00edbridos enchufables estaban sujetos al 5%, 10% y 17,5% y GNV sujetas al 7,5%, 15% y 27,5%);<\/p>\n<p style=\"text-align: justify; padding-left: 30px;\">\u2022 Ya no se prev\u00e9 un per\u00edodo temporal para el traslado de p\u00e9rdidas fiscales. Por otra parte, el l\u00edmite anual de la deducci\u00f3n al beneficio imponible se reduce al 65% (anteriormente, 70%), se mantiene el incremento del l\u00edmite de deducci\u00f3n al beneficio imponible en 10 p.p. para p\u00e9rdidas fiscales constatadas en los per\u00edodos impositivos de 2020 y 2021;<\/p>\n<p style=\"text-align: justify; padding-left: 30px;\">\u2022 Los gastos incurridos en pases de transporte pasan a ser considerados, a efectos de determinaci\u00f3n del beneficio imponible, en valor correspondiente al 50% (antes del 30%).<\/p>\n<p style=\"text-align: justify;\">* \u00abConcepto de Small Mid Cap Empresa que: no re\u00fane las condiciones materiales para ser una microempresa, una peque\u00f1a o una mediana empresa, de conformidad con lo dispuesto en el apartado 1 del art\u00edculo 2 del Decreto Ley n\u00ba 372\/2007, de 6 de noviembre, en su versi\u00f3n actual y su anexo, y que corresponden a las previstas en la Recomendaci\u00f3n 2003\/361\/CE de la Comisi\u00f3n Europea de 6 de mayo de 2003 (es decir, que no es una PYME tal como se define en el marco de la certificaci\u00f3n PYME); emplea como empresa aut\u00f3noma, hasta 500 trabajadores (puede ser hasta solo 1 trabajador), es una Small Mip Cap\u00bb _ <strong>Extra\u00eddo del sitio IAPMEI<\/strong><\/p>\n<p style=\"text-align: justify;\">\n<p style=\"text-align: justify;\">En <a href=\"es\/\">Nominaurea<\/a> encuentra un equipo disponible para apoyar a su empresa en todas las cuestiones fundamentales para el desarrollo de su negocio, cumpliendo siempre todos los requisitos fiscales exigidos.<\/p>\n","protected":false},"excerpt":{"rendered":"<p>Flash Noticias NA 05\/03\/2024 Impuesto de sociedades &#8211; Qu\u00e9 ha cambiado con el presupuesto estatal 2023 Finalizado el a\u00f1o 2023, empieza ahora el ciclo de cierre de cuentas para la mayor\u00eda de las empresas, a excepci\u00f3n de aquellas que hayan optado por un r\u00e9gimen fiscal diferenciado. El proceso que implica el cierre de cuentas de [&hellip;]<\/p>\n","protected":false},"author":2,"featured_media":0,"comment_status":"closed","ping_status":"open","sticky":false,"template":"","format":"standard","meta":{"footnotes":""},"categories":[11],"tags":[],"class_list":["post-2182","post","type-post","status-publish","format-standard","hentry","category-publicaciones"],"_links":{"self":[{"href":"https:\/\/www.nominaurea.pt\/es\/wp-json\/wp\/v2\/posts\/2182","targetHints":{"allow":["GET"]}}],"collection":[{"href":"https:\/\/www.nominaurea.pt\/es\/wp-json\/wp\/v2\/posts"}],"about":[{"href":"https:\/\/www.nominaurea.pt\/es\/wp-json\/wp\/v2\/types\/post"}],"author":[{"embeddable":true,"href":"https:\/\/www.nominaurea.pt\/es\/wp-json\/wp\/v2\/users\/2"}],"replies":[{"embeddable":true,"href":"https:\/\/www.nominaurea.pt\/es\/wp-json\/wp\/v2\/comments?post=2182"}],"version-history":[{"count":2,"href":"https:\/\/www.nominaurea.pt\/es\/wp-json\/wp\/v2\/posts\/2182\/revisions"}],"predecessor-version":[{"id":2197,"href":"https:\/\/www.nominaurea.pt\/es\/wp-json\/wp\/v2\/posts\/2182\/revisions\/2197"}],"wp:attachment":[{"href":"https:\/\/www.nominaurea.pt\/es\/wp-json\/wp\/v2\/media?parent=2182"}],"wp:term":[{"taxonomy":"category","embeddable":true,"href":"https:\/\/www.nominaurea.pt\/es\/wp-json\/wp\/v2\/categories?post=2182"},{"taxonomy":"post_tag","embeddable":true,"href":"https:\/\/www.nominaurea.pt\/es\/wp-json\/wp\/v2\/tags?post=2182"}],"curies":[{"name":"wp","href":"https:\/\/api.w.org\/{rel}","templated":true}]}}