{"id":2178,"date":"2024-03-26T16:05:44","date_gmt":"2024-03-26T16:05:44","guid":{"rendered":"https:\/\/www.nominaurea.pt\/noticias\/relatorio-unico-em-portugal\/"},"modified":"2025-10-21T12:04:33","modified_gmt":"2025-10-21T12:04:33","slug":"relatorio-unico-em-portugal","status":"publish","type":"post","link":"https:\/\/www.nominaurea.pt\/es\/noticias\/relatorio-unico-em-portugal\/","title":{"rendered":"El Informe \u00danico en Portugal, \u00bfQu\u00e9 es?"},"content":{"rendered":"<h5 class=\"bto-encabezamiento\" style=\"text-align: justify;\">Flash Noticias NA 26\/03\/2024<\/h5>\n<h5 style=\"text-align: justify;\">El Informe \u00danico en Portugal, \u00bfQu\u00e9 es?<\/h5>\n<p style=\"text-align: justify;\">El Informe \u00danico re\u00fane una serie de informaci\u00f3n crucial sobre el empleo, las condiciones laborales y la formaci\u00f3n profesional dentro de una empresa y es una herramienta esencial para la gesti\u00f3n de recursos humanos en Portugal.<\/p>\n<hr id=\"system-readmore\" \/>\n<p style=\"text-align: justify;\"><a href=\"es\/noticias.html\"><img decoding=\"async\" style=\"float: right; margin-left: 10px;\" src=\"images\/volver.png\" alt=\"\" data-alt=\"Volver\" \/><\/a><\/p>\n<p style=\"text-align: justify;\"><strong>Plazos y Presentaci\u00f3n<\/strong><\/p>\n<p style=\"text-align: justify;\">El plazo para la entrega del Informe \u00danico correspondiente a 2023 comenz\u00f3 el 16 de marzo de 2024 y finaliza el 15 de abril de 2024. El Informe \u00danico es de presentaci\u00f3n obligatoria para entidades empleadoras con trabajadores por cuenta ajena a su servicio en el a\u00f1o anterior (2023). Es responsabilidad del empleador completar y presentar el Informe \u00danico a trav\u00e9s de la plataforma en l\u00ednea <em>Sistema de Gesti\u00f3n de Unidades Locales<\/em>, accesible a trav\u00e9s del enlace: <a href=\"https:\/\/www.relatoriounico.pt\/ru\/login.seam\" target=\"_blank\" rel=\"noopener\">www.relatoriounico.pt<\/a><\/p>\n<p style=\"text-align: justify;\"><strong>\u00bfCuantos anexos tiene el informe \u00fanico?<\/strong><\/p>\n<p style=\"text-align: justify;\">El Informe \u00danico no se limita solo a n\u00fameros y estad\u00edsticas. Tambi\u00e9n incluye anexos que proporcionan informaci\u00f3n detallada sobre diferentes aspectos de la relaci\u00f3n laboral. Desde contratos de trabajo hasta horas de formaci\u00f3n profesional, pasando por accidentes laborales y licencias concedidas a los trabajadores.<\/p>\n<p style=\"padding-left: 30px; text-align: justify;\">\u2022 Anexo A \u2013 Cuadro de Personal:<\/p>\n<p style=\"padding-left: 30px; text-align: justify;\">Este anexo contiene informaci\u00f3n detallada sobre los colaboradores de la empresa. Incluye datos como el n\u00famero total de trabajadores, su distribuci\u00f3n por categor\u00edas profesionales y cualquier cambio ocurrido durante el a\u00f1o.<\/p>\n<p style=\"padding-left: 30px; text-align: justify;\">\u2022 Anexo B \u2013 Flujo de Entrada y Salida de Trabajadores:<\/p>\n<p style=\"padding-left: 30px; text-align: justify;\">En este anexo se registran todas las entradas y salidas de trabajadores durante el a\u00f1o.<\/p>\n<p style=\"padding-left: 30px; text-align: justify;\">\u2022 Anexo C \u2013 Informe Anual de Formaci\u00f3n Continua:<\/p>\n<p style=\"padding-left: 30px; text-align: justify;\">Aqu\u00ed se detallan las formaciones realizadas por los colaboradores de la empresa. Incluye datos sobre el n\u00famero de horas de formaci\u00f3n, los temas tratados y los resultados obtenidos.<\/p>\n<p style=\"padding-left: 30px; text-align: justify;\">\u2022 Anexo D \u2013 Informe Anual de Actividades del Servicio de Seguridad y Salud:<\/p>\n<p style=\"padding-left: 30px; text-align: justify;\">Este anexo se centra en la seguridad y salud en el trabajo. Debe incluir informaci\u00f3n sobre accidentes laborales, medidas de prevenci\u00f3n, acciones de sensibilizaci\u00f3n y otras actividades relacionadas con la seguridad de los colaboradores.<\/p>\n<p style=\"padding-left: 30px; text-align: justify;\">\u2022 Anexo E \u2013 Huelgas:<\/p>\n<p style=\"padding-left: 30px; text-align: justify;\">En este anexo se registran todas las huelgas ocurridas en la empresa durante el a\u00f1o.<\/p>\n<p style=\"padding-left: 30px; text-align: justify;\">\u2022 Anexo F \u2013 Proveedores de Servicios (opcional):<\/p>\n<p style=\"padding-left: 30px; text-align: justify;\">Este anexo es opcional y est\u00e1 destinado a empresas que utilizan proveedores de servicios externos. Debe incluir informaci\u00f3n sobre los proveedores de servicios contratados, los servicios prestados y los valores relacionados con esta contrataci\u00f3n.<\/p>\n<p style=\"text-align: justify;\">Estos anexos no solo proporcionan una visi\u00f3n detallada de las pr\u00e1cticas laborales dentro de la empresa, sino que tambi\u00e9n sirven como instrumentos de monitorizaci\u00f3n y evaluaci\u00f3n de las pol\u00edticas de recursos humanos implementadas.<\/p>\n<p style=\"text-align: justify;\">En <a href=\"es\/\">Nominaurea<\/a> encuentra un equipo disponible para apoyar a su empresa en todas las cuestiones fundamentales para el desarrollo de su negocio, cumpliendo siempre todos los requisitos fiscales exigidos<span style=\"caret-color: auto;\">.<\/span><\/p>\n","protected":false},"excerpt":{"rendered":"<p>Flash Noticias NA 26\/03\/2024 El Informe \u00danico en Portugal, \u00bfQu\u00e9 es? El Informe \u00danico re\u00fane una serie de informaci\u00f3n crucial sobre el empleo, las condiciones laborales y la formaci\u00f3n profesional dentro de una empresa y es una herramienta esencial para la gesti\u00f3n de recursos humanos en Portugal. Plazos y Presentaci\u00f3n El plazo para la entrega [&hellip;]<\/p>\n","protected":false},"author":2,"featured_media":0,"comment_status":"closed","ping_status":"open","sticky":false,"template":"","format":"standard","meta":{"footnotes":""},"categories":[11],"tags":[],"class_list":["post-2178","post","type-post","status-publish","format-standard","hentry","category-publicaciones"],"_links":{"self":[{"href":"https:\/\/www.nominaurea.pt\/es\/wp-json\/wp\/v2\/posts\/2178","targetHints":{"allow":["GET"]}}],"collection":[{"href":"https:\/\/www.nominaurea.pt\/es\/wp-json\/wp\/v2\/posts"}],"about":[{"href":"https:\/\/www.nominaurea.pt\/es\/wp-json\/wp\/v2\/types\/post"}],"author":[{"embeddable":true,"href":"https:\/\/www.nominaurea.pt\/es\/wp-json\/wp\/v2\/users\/2"}],"replies":[{"embeddable":true,"href":"https:\/\/www.nominaurea.pt\/es\/wp-json\/wp\/v2\/comments?post=2178"}],"version-history":[{"count":3,"href":"https:\/\/www.nominaurea.pt\/es\/wp-json\/wp\/v2\/posts\/2178\/revisions"}],"predecessor-version":[{"id":2193,"href":"https:\/\/www.nominaurea.pt\/es\/wp-json\/wp\/v2\/posts\/2178\/revisions\/2193"}],"wp:attachment":[{"href":"https:\/\/www.nominaurea.pt\/es\/wp-json\/wp\/v2\/media?parent=2178"}],"wp:term":[{"taxonomy":"category","embeddable":true,"href":"https:\/\/www.nominaurea.pt\/es\/wp-json\/wp\/v2\/categories?post=2178"},{"taxonomy":"post_tag","embeddable":true,"href":"https:\/\/www.nominaurea.pt\/es\/wp-json\/wp\/v2\/tags?post=2178"}],"curies":[{"name":"wp","href":"https:\/\/api.w.org\/{rel}","templated":true}]}}