{"id":2110,"date":"2024-07-17T14:27:58","date_gmt":"2024-07-17T14:27:58","guid":{"rendered":"https:\/\/www.nominaurea.pt\/noticias\/fim-da-obrigatoriedade-dos-livros-de-registo-de-iva\/"},"modified":"2025-10-21T11:33:56","modified_gmt":"2025-10-21T11:33:56","slug":"fim-da-obrigatoriedade-dos-livros-de-registo-de-iva","status":"publish","type":"post","link":"https:\/\/www.nominaurea.pt\/es\/noticias\/fim-da-obrigatoriedade-dos-livros-de-registo-de-iva\/","title":{"rendered":"Portugal_Hacienda acaba con los libros  f\u00edsicos de registro obligatorio de IVA"},"content":{"rendered":"<h5 class=\"bto-encabezamiento\">Flash Noticias NA 17\/07\/2024<\/h5>\n<h5>Portugal_Hacienda acaba con los libros f\u00edsicos de registro obligatorio de IVA<\/h5>\n<p>Los contribuyentes portugueses sin contabilidad organizada ya no tendr\u00e1n que comprar libros f\u00edsicos para el registro del IVA.<\/p>\n<hr id=\"system-readmore\" \/>\n<p><a href=\"pt\/noticias.html\"><img decoding=\"async\" src=\"images\/volver.png\" alt=\"\" data-alt=\"Volver\" \/><\/a><\/p>\n<p style=\"text-align: justify;\">El Gobierno portugu\u00e9s se prepara para implementar un conjunto de 15 medidas en el marco del programa SIMPLEX hasta finales del segundo trimestre de 2025.<br \/>\nEl Programa SIMPLEX consiste en un conjunto de procesos de simplificaci\u00f3n administrativa y legislativa que buscan hacer la vida m\u00e1s f\u00e1cil a los ciudadanos y a las empresas en su relaci\u00f3n con la Administraci\u00f3n P\u00fablica portuguesa.<br \/>\nUna de estas medidas es el fin de la compra obligatoria de libros f\u00edsicos para registrar el IVA para los contribuyentes sin contabilidad organizada. Hasta ahora, los contribuyentes sin contabilidad organizada, adem\u00e1s de tener que identificar en la factura electr\u00f3nica (portal de finanzas) qu\u00e9 facturas est\u00e1n relacionadas con su actividad y a qu\u00e9 sector.<\/p>\n<p><img fetchpriority=\"high\" decoding=\"async\" style=\"display: block; margin-left: auto; margin-right: auto;\" src=\"images\/2024_07_17_Articulo_Nominaurea.png\" alt=\"2024 07 17 Articulo Nominaurea\" width=\"901\" height=\"178\" \/><\/p>\n<p><img decoding=\"async\" style=\"vertical-align: bottom; float: left;\" src=\"images\/2024_07_17_Articulo_Nominaurea2.png\" alt=\"2024 07 17 Articulo Nominaurea2\" width=\"110\" height=\"81\" \/>\u00a0Tambi\u00e9n ten\u00edan la obligaci\u00f3n de disponer de un libro f\u00edsico para registrar todas las facturas relacionadas con su actividad.<br \/>\nCon esta medida, el Gobierno no s\u00f3lo pretende reducir la carga burocr\u00e1tica que supone tener que realizar dos veces la misma tarea, en el libro en mano y en el Portal de Finanzas, a trav\u00e9s de factura electr\u00f3nica, sino que tambi\u00e9n permitir\u00e1 superar el bochorno que suponen estos libros a menudo est\u00e1n agotados.<br \/>\nEn Nominaurea estamos disponibles para apoyar a su empresa en todas las cuestiones fundamentales para el desarrollo de su actividad, cumpliendo siempre con todos los requisitos contables y legales. Esperamos su contacto<\/p>\n","protected":false},"excerpt":{"rendered":"<p>Flash Noticias NA 17\/07\/2024 Portugal_Hacienda acaba con los libros f\u00edsicos de registro obligatorio de IVA Los contribuyentes portugueses sin contabilidad organizada ya no tendr\u00e1n que comprar libros f\u00edsicos para el registro del IVA. El Gobierno portugu\u00e9s se prepara para implementar un conjunto de 15 medidas en el marco del programa SIMPLEX hasta finales del segundo [&hellip;]<\/p>\n","protected":false},"author":2,"featured_media":0,"comment_status":"closed","ping_status":"open","sticky":false,"template":"","format":"standard","meta":{"footnotes":""},"categories":[11],"tags":[],"class_list":["post-2110","post","type-post","status-publish","format-standard","hentry","category-publicaciones"],"_links":{"self":[{"href":"https:\/\/www.nominaurea.pt\/es\/wp-json\/wp\/v2\/posts\/2110","targetHints":{"allow":["GET"]}}],"collection":[{"href":"https:\/\/www.nominaurea.pt\/es\/wp-json\/wp\/v2\/posts"}],"about":[{"href":"https:\/\/www.nominaurea.pt\/es\/wp-json\/wp\/v2\/types\/post"}],"author":[{"embeddable":true,"href":"https:\/\/www.nominaurea.pt\/es\/wp-json\/wp\/v2\/users\/2"}],"replies":[{"embeddable":true,"href":"https:\/\/www.nominaurea.pt\/es\/wp-json\/wp\/v2\/comments?post=2110"}],"version-history":[{"count":2,"href":"https:\/\/www.nominaurea.pt\/es\/wp-json\/wp\/v2\/posts\/2110\/revisions"}],"predecessor-version":[{"id":2121,"href":"https:\/\/www.nominaurea.pt\/es\/wp-json\/wp\/v2\/posts\/2110\/revisions\/2121"}],"wp:attachment":[{"href":"https:\/\/www.nominaurea.pt\/es\/wp-json\/wp\/v2\/media?parent=2110"}],"wp:term":[{"taxonomy":"category","embeddable":true,"href":"https:\/\/www.nominaurea.pt\/es\/wp-json\/wp\/v2\/categories?post=2110"},{"taxonomy":"post_tag","embeddable":true,"href":"https:\/\/www.nominaurea.pt\/es\/wp-json\/wp\/v2\/tags?post=2110"}],"curies":[{"name":"wp","href":"https:\/\/api.w.org\/{rel}","templated":true}]}}