{"id":2069,"date":"2024-11-19T08:58:11","date_gmt":"2024-11-19T08:58:11","guid":{"rendered":"https:\/\/www.nominaurea.pt\/noticias\/o-que-esta-previsto-mudar-em-portugal-atraves-do-orcamento-de-estado-2025\/"},"modified":"2025-10-21T11:17:16","modified_gmt":"2025-10-21T11:17:16","slug":"o-que-esta-previsto-mudar-em-portugal-atraves-do-orcamento-de-estado-2025","status":"publish","type":"post","link":"https:\/\/www.nominaurea.pt\/es\/noticias\/o-que-esta-previsto-mudar-em-portugal-atraves-do-orcamento-de-estado-2025\/","title":{"rendered":"Qu\u00e9 cambios se esperan en Portugal una vez aprobados los Presupuestos Generales de Estado 2025"},"content":{"rendered":"<h5 class=\"bto-encabezamiento\" style=\"text-align: justify;\">Flash Noticias NA 19\/11\/2024<\/h5>\n<h5 style=\"text-align: justify;\">Qu\u00e9 cambios se esperan en Portugal una vez aprobados los Presupuestos Generales de Estado 2025.<\/h5>\n<p style=\"text-align: justify;\">El Presupuesto del Estado para 2025, aprobado en su mayor parte el 31 de octubre de 2024, introduce varios cambios significativos en el \u00e1mbito fiscal.<\/p>\n<hr id=\"system-readmore\" \/>\n<p style=\"text-align: justify;\"><a href=\"es\/noticias.html\"><img decoding=\"async\" src=\"images\/volver.png\" alt=\"\" data-alt=\"Volver\" \/><\/a><\/p>\n<p style=\"text-align: justify;\">A continuaci\u00f3n indicamos los principales cambios que introducen los Presupuestos Generales del Estado para 2025:<\/p>\n<p style=\"text-align: justify;\"><strong>IRPF<\/strong><\/p>\n<p style=\"padding-left: 30px; text-align: justify;\">\u2022 Importe diario de subsidio de comida: Se incrementa el valor exento de tributaci\u00f3n a 10,20 \u20ac por d\u00eda cuando se paga en vales de comida. De este modo, solo el 70% del importe que exceda el l\u00edmite legal (actualmente 6 \u20ac) se considerar\u00e1n rentas de trabajo.<\/p>\n<p style=\"padding-left: 30px; text-align: justify;\">\u2022 Deducci\u00f3n espec\u00edfica (Categor\u00edas A y H): Se actualiza la deducci\u00f3n espec\u00edfica para los ingresos de trabajo dependiente y pensiones, equivalente a 8,54 veces el IAS, lo que resulta en un total de 4.349,08 \u20ac.<\/p>\n<p style=\"text-align: justify;\"><strong>IRPF Joven<\/strong><\/p>\n<p style=\"text-align: justify;\">Se propone ampliar el r\u00e9gimen fiscal del IRPF Joven, que incluir\u00e1 las rentas de trabajo, sea dependiente o independiente, de j\u00f3venes hasta 35 a\u00f1os (no dependientes), eliminando la necesidad de haber completado un ciclo de estudios. Para m\u00e1s informaci\u00f3n, consulte el siguiente enlace:<\/p>\n<p style=\"text-align: justify;\"><a href=\"es\/noticias\/item\/portugal-irs-jovem-orcamento-de-estado-2025.html\">https:\/\/www.nominaurea.pt\/pt\/noticias\/item\/portugal-irs-jovem-orcamento-de-estado-2025.html<\/a><\/p>\n<p style=\"text-align: justify;\"><strong>Trabajadores Aut\u00f3nomos<\/strong><\/p>\n<p style=\"padding-left: 30px; text-align: justify;\">\u2022 IRPF: Se reduce la tasa del 25% al 23% para ingresos de actividades profesionales espec\u00edficas.<\/p>\n<p style=\"padding-left: 30px; text-align: justify;\">\u2022 Pagos a cuenta: La cantidad se reduce al 65% de la f\u00f3rmula vigente (antes era 76,5%).<\/p>\n<p style=\"text-align: justify;\"><strong>Impuesto de Sociedades<\/strong><\/p>\n<p style=\"padding-left: 30px; text-align: justify;\">\u2022 Tasa de Impuesto de Sociedades: Se reduce en 1 punto porcentual, quedando en el 20%. Las pymes y las Small Mid Cap pagar\u00e1n un 16% (antes, 17%) sobre los primeros 50.000 \u20ac de base imponible.<\/p>\n<p style=\"padding-left: 30px; text-align: justify;\">\u2022 Tributaci\u00f3n Aut\u00f3noma: Se actualiza de 20.000 \u20ac a 30.000 \u20ac el l\u00edmite de coste de adquisici\u00f3n de veh\u00edculos para aplicar la tributaci\u00f3n aut\u00f3noma sobre gastos, y se reduce la tributaci\u00f3n sobre los costes relacionados con ciertos veh\u00edculos.<\/p>\n<table style=\"width: 885px; height: 230px;\">\n<tbody>\n<tr>\n<td style=\"border: 1px inherit #000000;\"><strong>\u00a0OE 2024_ Rangos<\/strong><\/td>\n<td style=\"border: 1px inherit #000000;\"><strong>\u00a0Tasa<\/strong><\/td>\n<td style=\"border: 1px inherit #000000;\"><strong>\u00a0Propuesta OE 2025_Rangos<\/strong><\/td>\n<td style=\"border: 1px inherit #000000;\"><strong>Tasa\u00a0<\/strong><\/td>\n<\/tr>\n<tr>\n<td>\u00a0Inferior a 27.500 \u20ac<\/td>\n<td>\u00a08,5%<\/td>\n<td>\u00a0Inferior a 37.500 \u20ac<\/td>\n<td>\u00a08,0%<\/td>\n<\/tr>\n<tr>\n<td>\u00a0Igual o superior a 27.500 \u20ac e inferior a 35.000 \u20ac<\/td>\n<td>\u00a025,5%<\/td>\n<td>\u00a0Igual o superior a 37.500 \u20ac e inferior a 45.000 \u20ac<\/td>\n<td>\u00a025,0%<\/td>\n<\/tr>\n<tr>\n<td>\u00a0Igual o superior a 35.000 \u20ac<\/td>\n<td>\u00a032,5%<\/td>\n<td>\u00a0Igual o superior a 45.000 \u20ac<\/td>\n<td>\u00a032,0%<\/td>\n<\/tr>\n<\/tbody>\n<\/table>\n<p style=\"text-align: justify;\">\u00a0La tasa agravada de 10 puntos porcentuales no se aplicar\u00e1 si el contribuyente ha obtenido beneficios tributables en uno de los tres a\u00f1os anteriores y ha cumplido con sus obligaciones declarativas.<\/p>\n<p style=\"text-align: justify;\"><strong>Beneficios Fiscales<\/strong><\/p>\n<p style=\"padding-left: 30px; text-align: justify;\">\u2022 Incentivo a la Revalorizaci\u00f3n Salarial: Este incentivo se aplicar\u00e1 con un aumento m\u00ednimo del 4,7% en el sueldo base promedio anual por trabajador (antes el 5%). Ya no depende de la ausencia de incremento de la brecha salarial, pero s\u00ed requiere un aumento de al menos el 4,7% en los sueldos de los trabajadores que reciben hasta la media de la empresa.<\/p>\n<p style=\"padding-left: 30px; text-align: justify;\">\u2022 Costes Salariales: La bonificaci\u00f3n aumentar\u00e1 al 200% (antes, 150%), con deducciones de hasta 4.350 \u20ac por trabajador (antes, 1.640 \u20ac).<\/p>\n<p style=\"text-align: justify;\"><strong>Pr\u00f3rrogas de Obligaciones Fiscales<\/strong><\/p>\n<p style=\"padding-left: 30px; text-align: justify;\">\u2022 Comunicaci\u00f3n de inventarios valorados: Los contribuyentes estar\u00e1n exentos de comunicar inventarios valorados desde el 1 de enero de 2024. A partir del 1 de enero de 2025, esta exenci\u00f3n tambi\u00e9n se aplicar\u00e1 a quienes no est\u00e9n obligados a mantener inventario permanente.<\/p>\n<p style=\"padding-left: 30px; text-align: justify;\">\u2022 SAF-T Contabilidad: La entrega del archivo SAF-T (PT) para rellenar los anexos A e I del IES ser\u00e1 obligatoria a partir de los per\u00edodos de 2026, con entrega en 2027 o despu\u00e9s.<\/p>\n<p style=\"padding-left: 30px; text-align: justify;\">\u2022 Facturas en PDF: Hasta el 31 de diciembre de 2025, las facturas en PDF seguir\u00e1n acept\u00e1ndose como facturas electr\u00f3nicas a efectos fiscales.<\/p>\n<p style=\"text-align: justify;\">En <a href=\"es\/\">Nominaurea<\/a>, contamos con equipos especializados que pueden asesorarle en estas y otras cuestiones fiscales. Esperamos su <a href=\"es\/contacto\/despacho-de-lisboa.html\">contacto<\/a><span style=\"caret-color: auto;\">.<\/span><\/p>\n","protected":false},"excerpt":{"rendered":"<p>Flash Noticias NA 19\/11\/2024 Qu\u00e9 cambios se esperan en Portugal una vez aprobados los Presupuestos Generales de Estado 2025. El Presupuesto del Estado para 2025, aprobado en su mayor parte el 31 de octubre de 2024, introduce varios cambios significativos en el \u00e1mbito fiscal. A continuaci\u00f3n indicamos los principales cambios que introducen los Presupuestos Generales [&hellip;]<\/p>\n","protected":false},"author":2,"featured_media":0,"comment_status":"closed","ping_status":"open","sticky":false,"template":"","format":"standard","meta":{"footnotes":""},"categories":[11],"tags":[],"class_list":["post-2069","post","type-post","status-publish","format-standard","hentry","category-publicaciones"],"_links":{"self":[{"href":"https:\/\/www.nominaurea.pt\/es\/wp-json\/wp\/v2\/posts\/2069","targetHints":{"allow":["GET"]}}],"collection":[{"href":"https:\/\/www.nominaurea.pt\/es\/wp-json\/wp\/v2\/posts"}],"about":[{"href":"https:\/\/www.nominaurea.pt\/es\/wp-json\/wp\/v2\/types\/post"}],"author":[{"embeddable":true,"href":"https:\/\/www.nominaurea.pt\/es\/wp-json\/wp\/v2\/users\/2"}],"replies":[{"embeddable":true,"href":"https:\/\/www.nominaurea.pt\/es\/wp-json\/wp\/v2\/comments?post=2069"}],"version-history":[{"count":2,"href":"https:\/\/www.nominaurea.pt\/es\/wp-json\/wp\/v2\/posts\/2069\/revisions"}],"predecessor-version":[{"id":2081,"href":"https:\/\/www.nominaurea.pt\/es\/wp-json\/wp\/v2\/posts\/2069\/revisions\/2081"}],"wp:attachment":[{"href":"https:\/\/www.nominaurea.pt\/es\/wp-json\/wp\/v2\/media?parent=2069"}],"wp:term":[{"taxonomy":"category","embeddable":true,"href":"https:\/\/www.nominaurea.pt\/es\/wp-json\/wp\/v2\/categories?post=2069"},{"taxonomy":"post_tag","embeddable":true,"href":"https:\/\/www.nominaurea.pt\/es\/wp-json\/wp\/v2\/tags?post=2069"}],"curies":[{"name":"wp","href":"https:\/\/api.w.org\/{rel}","templated":true}]}}