{"id":1989,"date":"2025-03-25T11:25:12","date_gmt":"2025-03-25T11:25:12","guid":{"rendered":"https:\/\/www.nominaurea.pt\/noticias\/portugal-contribuintes-deixam-de-estar-obrigados-a-permanecer-tres-anos-no-regime-mensal-do-iva\/"},"modified":"2025-10-21T10:42:37","modified_gmt":"2025-10-21T10:42:37","slug":"portugal-contribuintes-deixam-de-estar-obrigados-a-permanecer-tres-anos-no-regime-mensal-do-iva","status":"publish","type":"post","link":"https:\/\/www.nominaurea.pt\/es\/noticias\/portugal-contribuintes-deixam-de-estar-obrigados-a-permanecer-tres-anos-no-regime-mensal-do-iva\/","title":{"rendered":"Portugal &#8211; Cambio significativo en el r\u00e9gimen del IVA en Portugal: Los contribuyentes dejan de estar obligados a permanecer tres a\u00f1os en el r\u00e9gimen mensual del IVA"},"content":{"rendered":"<h5 class=\"bto-encabezamiento\" style=\"text-align: justify;\">Flash Noticias NA 25\/03\/2025<\/h5>\n<h5 style=\"text-align: justify;\">Portugal &#8211; Cambio significativo en el r\u00e9gimen del IVA en Portugal: Los contribuyentes dejan de estar obligados a permanecer tres a\u00f1os en el r\u00e9gimen mensual del IVA<\/h5>\n<p style=\"text-align: justify;\">Anteriormente los contribuyentes que optaban por el r\u00e9gimen mensual del IVA estaban vinculados a esta elecci\u00f3n durante un per\u00edodo m\u00ednimo de tres a\u00f1os. Este r\u00e9gimen implicaba la presentaci\u00f3n mensual de las declaraciones de IVA, lo que, para algunas empresas, representaba una carga administrativa significativa.<br \/>\nCon la reciente modificaci\u00f3n legislativa, se ha eliminado esta obligatoriedad de permanencia por tres a\u00f1os, permitiendo a las empresas una mayor flexibilidad en la gesti\u00f3n de sus obligaciones fiscales..<\/p>\n<hr id=\"system-readmore\" \/>\n<p style=\"text-align: justify;\"><a href=\"es\/noticias.html\"><img decoding=\"async\" src=\"images\/volver.png\" alt=\"\" data-alt=\"Volver\" \/><\/a><\/p>\n<p style=\"padding-left: 30px; text-align: justify;\"><span style=\"caret-color: auto;\">La principal ventaja de esta modificaci\u00f3n es la posibilidad de que las empresas ajusten su r\u00e9gimen de IVA de acuerdo con su realidad financiera y operativa. Por ejemplo, una empresa que inicialmente opt\u00f3 por el r\u00e9gimen mensual, pero que posteriormente se da cuenta de que el r\u00e9gimen trimestral es m\u00e1s adecuado para su flujo de caja y capacidad administrativa, ahora puede realizar este cambio sin necesidad de esperar tres a\u00f1os. Esta flexibilidad permite una gesti\u00f3n m\u00e1s eficiente y adaptada a las necesidades espec\u00edficas de cada negocio.<\/span><\/p>\n<p style=\"padding-left: 30px; text-align: justify;\"><strong><span style=\"caret-color: auto;\">La importancia de una consultor\u00eda fiscal especializada<\/span><\/strong><\/p>\n<p style=\"padding-left: 30px; text-align: justify;\"><span style=\"caret-color: auto;\">Si bien la flexibilizaci\u00f3n del r\u00e9gimen del IVA aporta beneficios, tambi\u00e9n exige a las empresas un an\u00e1lisis cuidadoso para determinar cu\u00e1l es el r\u00e9gimen m\u00e1s ventajoso para su situaci\u00f3n espec\u00edfica. En este contexto, la consultor\u00eda fiscal juega un papel crucial. Contar con profesionales experimentados en el \u00e1rea fiscal puede marcar la diferencia en la toma de decisiones informadas y estrat\u00e9gicas.<\/span><\/p>\n<p style=\"padding-left: 30px; text-align: justify;\"><span style=\"caret-color: auto;\"><a href=\"es\/\">NOMINAUREA<\/a>, empresa especializada en consultor\u00eda fiscal y contabilidad, puede ser un colaborador estrat\u00e9gico para las empresas que buscan adaptarse a estas nuevas condiciones fiscales<\/span><span style=\"caret-color: auto;\">.<\/span><\/p>\n","protected":false},"excerpt":{"rendered":"<p>Flash Noticias NA 25\/03\/2025 Portugal &#8211; Cambio significativo en el r\u00e9gimen del IVA en Portugal: Los contribuyentes dejan de estar obligados a permanecer tres a\u00f1os en el r\u00e9gimen mensual del IVA Anteriormente los contribuyentes que optaban por el r\u00e9gimen mensual del IVA estaban vinculados a esta elecci\u00f3n durante un per\u00edodo m\u00ednimo de tres a\u00f1os. Este [&hellip;]<\/p>\n","protected":false},"author":2,"featured_media":0,"comment_status":"closed","ping_status":"open","sticky":false,"template":"","format":"standard","meta":{"footnotes":""},"categories":[11],"tags":[],"class_list":["post-1989","post","type-post","status-publish","format-standard","hentry","category-publicaciones"],"_links":{"self":[{"href":"https:\/\/www.nominaurea.pt\/es\/wp-json\/wp\/v2\/posts\/1989","targetHints":{"allow":["GET"]}}],"collection":[{"href":"https:\/\/www.nominaurea.pt\/es\/wp-json\/wp\/v2\/posts"}],"about":[{"href":"https:\/\/www.nominaurea.pt\/es\/wp-json\/wp\/v2\/types\/post"}],"author":[{"embeddable":true,"href":"https:\/\/www.nominaurea.pt\/es\/wp-json\/wp\/v2\/users\/2"}],"replies":[{"embeddable":true,"href":"https:\/\/www.nominaurea.pt\/es\/wp-json\/wp\/v2\/comments?post=1989"}],"version-history":[{"count":2,"href":"https:\/\/www.nominaurea.pt\/es\/wp-json\/wp\/v2\/posts\/1989\/revisions"}],"predecessor-version":[{"id":2001,"href":"https:\/\/www.nominaurea.pt\/es\/wp-json\/wp\/v2\/posts\/1989\/revisions\/2001"}],"wp:attachment":[{"href":"https:\/\/www.nominaurea.pt\/es\/wp-json\/wp\/v2\/media?parent=1989"}],"wp:term":[{"taxonomy":"category","embeddable":true,"href":"https:\/\/www.nominaurea.pt\/es\/wp-json\/wp\/v2\/categories?post=1989"},{"taxonomy":"post_tag","embeddable":true,"href":"https:\/\/www.nominaurea.pt\/es\/wp-json\/wp\/v2\/tags?post=1989"}],"curies":[{"name":"wp","href":"https:\/\/api.w.org\/{rel}","templated":true}]}}