{"id":1959,"date":"2025-03-28T12:50:01","date_gmt":"2025-03-28T12:50:01","guid":{"rendered":"https:\/\/www.nominaurea.pt\/noticias\/pme-lider-2024\/"},"modified":"2025-10-21T10:30:34","modified_gmt":"2025-10-21T10:30:34","slug":"pme-lider-2024","status":"publish","type":"post","link":"https:\/\/www.nominaurea.pt\/es\/noticias\/pme-lider-2024\/","title":{"rendered":"PME L\u00edder 2024"},"content":{"rendered":"<h5 class=\"bto-encabezamiento\" style=\"text-align: justify;\">Flash Noticias NA 28\/03\/2025<\/h5>\n<h5 style=\"text-align: justify;\">\u00a1NOMINAUREA ha sido distinguida como PME L\u00edder 2024!<\/h5>\n<hr id=\"system-readmore\" \/>\n<p style=\"text-align: justify;\"><a href=\"es\/noticias.html\"><img decoding=\"async\" src=\"images\/volver.png\" alt=\"\" data-alt=\"Volver\" \/><\/a><\/p>\n<p><strong><span style=\"caret-color: auto;\">\u00a1<a href=\"es\/\">NOMINAUREA <\/a>ha sido distinguida como PME L\u00edder 2024!<\/span><\/strong><\/p>\n<p><span style=\"caret-color: auto;\">Es con gran satisfacci\u00f3n que compartimos este logro, que refleja nuestro compromiso con la excelencia, la innovaci\u00f3n y el crecimiento sostenible.<\/span><\/p>\n<p><span style=\"caret-color: auto;\">Este reconocimiento no habr\u00eda sido posible sin el esfuerzo y la dedicaci\u00f3n de nuestro equipo, la confianza de nuestros clientes y el apoyo invaluable de nuestros socios. \u00a1A todos, nuestro m\u00e1s sincero agradecimiento!<\/span><\/p>\n<p><span style=\"caret-color: auto;\">Seguiremos trabajando con la misma pasi\u00f3n y determinaci\u00f3n para alcanzar nuevos desaf\u00edos y reforzar nuestra posici\u00f3n en el sector.<\/span><\/p>\n<p><span style=\"caret-color: auto;\">\u00a1Juntos construimos el futuro!<\/span><\/p>\n<p style=\"text-align: justify;\">\u00a0 \u00a0 \u00a0 \u00a0 \u00a0 \u00a0 \u00a0<img fetchpriority=\"high\" decoding=\"async\" src=\"images\/publicaciones\/2025\/2025.03.28_PME_Lider_Nominaurea.jpg\" alt=\"\" width=\"343\" height=\"457\" data-alt=\"2025.03.28 PME Lider Nominaurea\" \/>\u00a0 \u00a0 \u00a0 \u00a0 \u00a0 \u00a0 \u00a0 \u00a0<img decoding=\"async\" src=\"images\/publicaciones\/2025\/2025.03.28_PME_Lider_Nominaurea_1.jpg\" alt=\"\" width=\"343\" height=\"457\" data-alt=\"2025.03.28 PME Lider Nominaurea 1\" \/><\/p>\n<p>&nbsp;<\/p>\n","protected":false},"excerpt":{"rendered":"<p>Flash Noticias NA 28\/03\/2025 \u00a1NOMINAUREA ha sido distinguida como PME L\u00edder 2024! \u00a1NOMINAUREA ha sido distinguida como PME L\u00edder 2024! Es con gran satisfacci\u00f3n que compartimos este logro, que refleja nuestro compromiso con la excelencia, la innovaci\u00f3n y el crecimiento sostenible. Este reconocimiento no habr\u00eda sido posible sin el esfuerzo y la dedicaci\u00f3n de nuestro [&hellip;]<\/p>\n","protected":false},"author":2,"featured_media":0,"comment_status":"closed","ping_status":"open","sticky":false,"template":"","format":"standard","meta":{"footnotes":""},"categories":[11],"tags":[],"class_list":["post-1959","post","type-post","status-publish","format-standard","hentry","category-publicaciones"],"_links":{"self":[{"href":"https:\/\/www.nominaurea.pt\/es\/wp-json\/wp\/v2\/posts\/1959","targetHints":{"allow":["GET"]}}],"collection":[{"href":"https:\/\/www.nominaurea.pt\/es\/wp-json\/wp\/v2\/posts"}],"about":[{"href":"https:\/\/www.nominaurea.pt\/es\/wp-json\/wp\/v2\/types\/post"}],"author":[{"embeddable":true,"href":"https:\/\/www.nominaurea.pt\/es\/wp-json\/wp\/v2\/users\/2"}],"replies":[{"embeddable":true,"href":"https:\/\/www.nominaurea.pt\/es\/wp-json\/wp\/v2\/comments?post=1959"}],"version-history":[{"count":1,"href":"https:\/\/www.nominaurea.pt\/es\/wp-json\/wp\/v2\/posts\/1959\/revisions"}],"predecessor-version":[{"id":1970,"href":"https:\/\/www.nominaurea.pt\/es\/wp-json\/wp\/v2\/posts\/1959\/revisions\/1970"}],"wp:attachment":[{"href":"https:\/\/www.nominaurea.pt\/es\/wp-json\/wp\/v2\/media?parent=1959"}],"wp:term":[{"taxonomy":"category","embeddable":true,"href":"https:\/\/www.nominaurea.pt\/es\/wp-json\/wp\/v2\/categories?post=1959"},{"taxonomy":"post_tag","embeddable":true,"href":"https:\/\/www.nominaurea.pt\/es\/wp-json\/wp\/v2\/tags?post=1959"}],"curies":[{"name":"wp","href":"https:\/\/api.w.org\/{rel}","templated":true}]}}