{"id":1953,"date":"2025-04-04T08:12:08","date_gmt":"2025-04-04T08:12:08","guid":{"rendered":"https:\/\/www.nominaurea.pt\/noticias\/alteracoes-ao-regime-de-isencao-do-iva-para-pequenas-empresas-oportunidades-e-desafios-em-portugal\/"},"modified":"2025-10-21T10:27:52","modified_gmt":"2025-10-21T10:27:52","slug":"alteracoes-ao-regime-de-isencao-do-iva-para-pequenas-empresas-oportunidades-e-desafios-em-portugal","status":"publish","type":"post","link":"https:\/\/www.nominaurea.pt\/es\/noticias\/alteracoes-ao-regime-de-isencao-do-iva-para-pequenas-empresas-oportunidades-e-desafios-em-portugal\/","title":{"rendered":"Modificaciones al R\u00e9gimen de Exenci\u00f3n del IVA para Peque\u00f1as Empresas: Oportunidades y Desaf\u00edos en Portugal"},"content":{"rendered":"<h5 class=\"bto-encabezamiento\" style=\"text-align: justify;\">Flash Noticias NA 04\/04\/2025<\/h5>\n<h5 style=\"text-align: justify;\">Modificaciones al R\u00e9gimen de Exenci\u00f3n del IVA para Peque\u00f1as Empresas: Oportunidades y Desaf\u00edos en Portugal<\/h5>\n<p style=\"text-align: justify;\">El Decreto-Ley n.\u00ba 35\/2025, de 24 de marzo, introdujo modificaciones significativas en el r\u00e9gimen de exenci\u00f3n del IVA aplicable a las peque\u00f1as empresas en Portugal.<\/p>\n<hr id=\"system-readmore\" \/>\n<p style=\"text-align: justify;\"><a href=\"es\/noticias.html\"><img decoding=\"async\" src=\"images\/volver.png\" alt=\"\" data-alt=\"Volver\" \/><\/a><\/p>\n<p style=\"text-align: justify;\"><strong>Introducci\u00f3n<\/strong><\/p>\n<p style=\"text-align: justify;\">Las peque\u00f1as empresas desempe\u00f1an un papel crucial en la econom\u00eda portuguesa, representando una parte significativa del tejido empresarial. Reconociendo la necesidad de simplificar las obligaciones fiscales y promover la competitividad, el gobierno portugu\u00e9s implement\u00f3 cambios en el r\u00e9gimen de exenci\u00f3n del IVA a trav\u00e9s del Decreto-Ley n.\u00ba 35\/2025. Estos cambios tienen como objetivo ampliar el alcance de la exenci\u00f3n y ajustar los criterios de elegibilidad, reflejando una adaptaci\u00f3n a las din\u00e1micas econ\u00f3micas actuales.<\/p>\n<p style=\"text-align: justify;\"><strong>Principales Modificaciones Introducidas por el Decreto-Ley n.\u00ba 35\/2025<\/strong><\/p>\n<p style=\"text-align: justify; padding-left: 30px;\">1. <strong>Ampliaci\u00f3n del \u00c1mbito de Aplicaci\u00f3n<\/strong><\/p>\n<p style=\"text-align: justify; padding-left: 30px;\">Anteriormente, el r\u00e9gimen de exenci\u00f3n del IVA solo se aplicaba a los sujetos pasivos que no tuvieran, ni estuvieran obligados a tener, contabilidad organizada a efectos del IRS o del IRC. Con la nueva legislaci\u00f3n, esta restricci\u00f3n ha sido eliminada, permitiendo que cualquier sujeto pasivo, independientemente de la obligaci\u00f3n de contabilidad organizada, pueda beneficiarse de la exenci\u00f3n, siempre que cumpla los criterios establecidos.<\/p>\n<p style=\"text-align: justify; padding-left: 30px;\">2. <strong>Inclusi\u00f3n de Sujetos Pasivos de Otros Estados Miembros<\/strong><\/p>\n<p style=\"text-align: justify; padding-left: 30px;\">El r\u00e9gimen ahora tambi\u00e9n abarca a sujetos pasivos con sede o domicilio en otros Estados miembros de la Uni\u00f3n Europea. Para beneficiarse de la exenci\u00f3n en territorio nacional, estos deben:<\/p>\n<p style=\"text-align: justify; padding-left: 60px;\">o Tener un volumen de negocios anual en la Uni\u00f3n Europea no superior a 100.000 euros.<\/p>\n<p style=\"text-align: justify; padding-left: 60px;\">o Notificar previamente al Estado miembro donde est\u00e1n establecidos sobre la intenci\u00f3n de beneficiarse de la exenci\u00f3n en Portugal y obtener un n\u00famero de identificaci\u00f3n fiscal con el sufijo \u201cEX\u201d.<\/p>\n<p style=\"text-align: justify; padding-left: 30px;\">3. <strong>Ajustes en los L\u00edmites del Volumen de Negocios<\/strong><\/p>\n<p style=\"text-align: justify; padding-left: 60px;\">o Para sujetos pasivos con sede o domicilio en Portugal: El volumen de negocios anual en territorio nacional no puede superar los 15.000 euros.<\/p>\n<p style=\"text-align: justify; padding-left: 60px;\">o Para sujetos pasivos de otros Estados miembros: El volumen de negocios anual en la Uni\u00f3n Europea no puede exceder los 100.000 euros.<\/p>\n<p style=\"text-align: justify; padding-left: 30px;\">4. <strong>Derecho a la Deducci\u00f3n y Reembolso<\/strong><\/p>\n<p style=\"text-align: justify; padding-left: 30px;\">Los sujetos pasivos cubiertos por el r\u00e9gimen de exenci\u00f3n siguen sin derecho a deducir o solicitar el reembolso del IVA soportado en sus adquisiciones, manteni\u00e9ndose la l\u00f3gica de simplificaci\u00f3n administrativa asociada a este r\u00e9gimen.<\/p>\n<p style=\"text-align: justify; padding-left: 30px;\">5. <strong>Obligaciones Declarativas y de Facturaci\u00f3n<\/strong><\/p>\n<p style=\"text-align: justify; padding-left: 30px;\">Las empresas beneficiarias de la exenci\u00f3n deben cumplir con las obligaciones de facturaci\u00f3n, asegurando que las facturas emitidas contengan la menci\u00f3n \u201cIVA \u2014 r\u00e9gimen de exenci\u00f3n\u201d, conforme lo estipulado en el art\u00edculo 57.\u00ba del C\u00f3digo del IVA.<\/p>\n<p style=\"text-align: justify;\"><strong>Conclusi\u00f3n<\/strong><\/p>\n<p style=\"text-align: justify;\">Las modificaciones introducidas por el Decreto-Ley n.\u00ba 35\/2025 representan una oportunidad para que muchas peque\u00f1as empresas se beneficien de un r\u00e9gimen fiscal m\u00e1s simplificado. Sin embargo, la adaptaci\u00f3n a este nuevo marco requiere una comprensi\u00f3n clara de los cambios y una gesti\u00f3n cuidadosa de las obligaciones fiscales.<\/p>\n<p style=\"text-align: justify;\"><a href=\"es\/\">Nominaurea<\/a>, con su amplia experiencia en contabilidad y consultor\u00eda fiscal, est\u00e1 preparada para ayudar a las peque\u00f1as empresas en este proceso de transici\u00f3n. Sus servicios incluyen:<\/p>\n<p style=\"text-align: justify; padding-left: 30px;\">\u2022 Consultor\u00eda Fiscal Personalizada: An\u00e1lisis detallado de la situaci\u00f3n fiscal de la empresa y orientaci\u00f3n sobre la elegibilidad y ventajas del nuevo r\u00e9gimen de exenci\u00f3n.<\/p>\n<p style=\"text-align: justify; padding-left: 30px;\">\u2022 Gesti\u00f3n de Obligaciones Declarativas: Garantizar el cumplimiento oportuno y preciso de las obligaciones fiscales, incluyendo la emisi\u00f3n de facturas conforme a los nuevos requisitos.<\/p>\n<p style=\"text-align: justify; padding-left: 30px;\">\u2022 Soporte Continuo: Disponibilidad de asistencia continua para aclarar dudas y adaptar estrategias fiscales a los cambios legislativos.<\/p>\n<p style=\"text-align: justify;\">Al colaborar con <a href=\"es\/\">Nominaurea<\/a>, las peque\u00f1as empresas pueden navegar con confianza por las nuevas disposiciones fiscales, garantizando el cumplimiento normativo y optimizando su eficiencia operativa<span style=\"caret-color: auto;\">.<\/span><\/p>\n","protected":false},"excerpt":{"rendered":"<p>Flash Noticias NA 04\/04\/2025 Modificaciones al R\u00e9gimen de Exenci\u00f3n del IVA para Peque\u00f1as Empresas: Oportunidades y Desaf\u00edos en Portugal El Decreto-Ley n.\u00ba 35\/2025, de 24 de marzo, introdujo modificaciones significativas en el r\u00e9gimen de exenci\u00f3n del IVA aplicable a las peque\u00f1as empresas en Portugal. Introducci\u00f3n Las peque\u00f1as empresas desempe\u00f1an un papel crucial en la econom\u00eda [&hellip;]<\/p>\n","protected":false},"author":2,"featured_media":0,"comment_status":"closed","ping_status":"open","sticky":false,"template":"","format":"standard","meta":{"footnotes":""},"categories":[11],"tags":[],"class_list":["post-1953","post","type-post","status-publish","format-standard","hentry","category-publicaciones"],"_links":{"self":[{"href":"https:\/\/www.nominaurea.pt\/es\/wp-json\/wp\/v2\/posts\/1953","targetHints":{"allow":["GET"]}}],"collection":[{"href":"https:\/\/www.nominaurea.pt\/es\/wp-json\/wp\/v2\/posts"}],"about":[{"href":"https:\/\/www.nominaurea.pt\/es\/wp-json\/wp\/v2\/types\/post"}],"author":[{"embeddable":true,"href":"https:\/\/www.nominaurea.pt\/es\/wp-json\/wp\/v2\/users\/2"}],"replies":[{"embeddable":true,"href":"https:\/\/www.nominaurea.pt\/es\/wp-json\/wp\/v2\/comments?post=1953"}],"version-history":[{"count":2,"href":"https:\/\/www.nominaurea.pt\/es\/wp-json\/wp\/v2\/posts\/1953\/revisions"}],"predecessor-version":[{"id":1965,"href":"https:\/\/www.nominaurea.pt\/es\/wp-json\/wp\/v2\/posts\/1953\/revisions\/1965"}],"wp:attachment":[{"href":"https:\/\/www.nominaurea.pt\/es\/wp-json\/wp\/v2\/media?parent=1953"}],"wp:term":[{"taxonomy":"category","embeddable":true,"href":"https:\/\/www.nominaurea.pt\/es\/wp-json\/wp\/v2\/categories?post=1953"},{"taxonomy":"post_tag","embeddable":true,"href":"https:\/\/www.nominaurea.pt\/es\/wp-json\/wp\/v2\/tags?post=1953"}],"curies":[{"name":"wp","href":"https:\/\/api.w.org\/{rel}","templated":true}]}}