{"id":1924,"date":"2025-04-14T09:51:29","date_gmt":"2025-04-14T09:51:29","guid":{"rendered":"https:\/\/www.nominaurea.pt\/noticias\/flexibilizacao-de-pagamento-de-impostos-em-portugal\/"},"modified":"2025-11-06T09:27:10","modified_gmt":"2025-11-06T09:27:10","slug":"flexibilizacao-de-pagamento-de-impostos-em-portugal","status":"publish","type":"post","link":"https:\/\/www.nominaurea.pt\/es\/noticias\/flexibilizacao-de-pagamento-de-impostos-em-portugal\/","title":{"rendered":"Flexibilizaci\u00f3n de pago de Impuestos en Portugal"},"content":{"rendered":"<h5 class=\"bto-encabezamiento\" style=\"text-align: justify;\">Flash Noticias NA 14\/04\/2025<\/h5>\n<h5 style=\"text-align: justify;\">Flexibilizaci\u00f3n de pago de Impuestos en Portugal<\/h5>\n<p style=\"text-align: justify;\">En el \u00e1mbito del desarrollo de una actividad empresarial\/comercial, es habitual que las empresas atraviesen per\u00edodos de reducida liquidez de tesorer\u00eda.<br \/>\nCuando se presentan dificultades para el pago del IVA, se puede utilizar el instrumento del R\u00e9gimen complementario de aplazamiento de obligaciones fiscales, que permite fraccionar el pago hasta 3 cuotas sin penalizaci\u00f3n.<\/p>\n<hr id=\"system-readmore\" \/>\n<p style=\"text-align: justify;\"><a href=\"es\/noticias.html\"><img decoding=\"async\" src=\"images\/volver.png\" alt=\"\" data-alt=\"Volver\" \/><\/a><\/p>\n<p style=\"text-align: justify;\"><span style=\"caret-color: auto;\">Flexibilizar el pago de impuestos significa permitir que los contribuyentes paguen sus impuestos de forma fraccionada, aplazada o con condiciones especiales, sin penalizaciones excesivas.<\/span><\/p>\n<p style=\"text-align: justify;\"><span style=\"caret-color: auto;\">El R\u00e9gimen de Aplazamiento de Obligaciones Fiscales fue introducido por el Decreto-Ley n.\u00ba 125\/2021, de 30 de diciembre, modificado por el Decreto-Ley n.\u00ba 85\/2022, de 21 de diciembre \u2013 Adici\u00f3n de los art\u00edculos 16.\u00ba-C.<\/span><\/p>\n<p style=\"text-align: justify;\"><span style=\"caret-color: auto;\">Este r\u00e9gimen permite a los contribuyentes realizar el pago de impuestos fraccionado:<\/span><\/p>\n<p style=\"padding-left: 30px; text-align: justify;\"><span style=\"caret-color: auto;\">\u2022 Para la mayor\u00eda de los impuestos, se crea una fase previa a la ejecuci\u00f3n fiscal en la que se permite el pago fraccionado entre el fin del plazo de cumplimiento voluntario y el inicio del proceso ejecutivo (aunque para el IVA e IUC la aplicaci\u00f3n es oficioso).<\/span><\/p>\n<p style=\"padding-left: 30px; text-align: justify;\"><span style=\"caret-color: auto;\">\u2022 En el caso del <strong>IVA \u2013 R\u00e9gimen complementario de aplazamiento de obligaciones fiscales, el pago puede realizarse fraccionado incluso durante el plazo de cumplimiento voluntario<\/strong>.<\/span><\/p>\n<p style=\"text-align: justify;\"><span style=\"caret-color: auto;\">\u00bfC\u00f3mo utilizar este r\u00e9gimen complementario y fraccionar el pago del IVA?<\/span><\/p>\n<p style=\"text-align: justify;\"><strong><span style=\"caret-color: auto;\">1. Requisitos de Aceso<\/span><\/strong><\/p>\n<p style=\"padding-left: 30px; text-align: justify;\"><span style=\"caret-color: auto;\">\u2022 Tener la situaci\u00f3n tributaria y contributiva <strong>regularizada<\/strong>.<\/span><\/p>\n<p style=\"padding-left: 30px; text-align: justify;\"><span style=\"caret-color: auto;\">\u2022 Ser <strong>sujeto pasivo de IVA<\/strong> (r\u00e9gimen mensual o trimestral).<\/span><\/p>\n<p style=\"padding-left: 30px; text-align: justify;\"><span style=\"caret-color: auto;\">\u2022 Aplicable a <strong>todos los contribuyentes<\/strong>, independientemente de:<\/span><\/p>\n<p style=\"padding-left: 60px; text-align: justify;\"><span style=\"caret-color: auto;\">o Tama\u00f1o;<\/span><\/p>\n<p style=\"padding-left: 60px; text-align: justify;\"><span style=\"caret-color: auto;\">o Facturaci\u00f3n;<\/span><\/p>\n<p style=\"padding-left: 60px; text-align: justify;\"><span style=\"caret-color: auto;\">o Volumen de negocios;<\/span><\/p>\n<p style=\"padding-left: 60px; text-align: justify;\"><span style=\"caret-color: auto;\">o Sector de actividad.<\/span><\/p>\n<p style=\"text-align: justify;\"><strong><span style=\"caret-color: auto;\">2. Solicitud de Adhesi\u00f3n<\/span><\/strong><\/p>\n<p style=\"padding-left: 30px; text-align: justify;\"><span style=\"caret-color: auto;\">\u2022 Acceso al Portal de la Autoridad Tributaria con autenticaci\u00f3n.<\/span><\/p>\n<p style=\"padding-left: 30px; text-align: justify;\"><span style=\"caret-color: auto;\">\u2022 Plazo: <strong>hasta el final del periodo de pago voluntario<\/strong> del impuesto.<\/span><\/p>\n<p style=\"padding-left: 30px; text-align: justify;\"><span style=\"caret-color: auto;\">\u2022 Si la situaci\u00f3n tributaria y contributiva est\u00e1 regularizada \u2192 <strong>aprobaci\u00f3n autom\u00e1tica e inmediata<\/strong>.<\/span><\/p>\n<p style=\"text-align: justify;\"><strong><span style=\"caret-color: auto;\">3. Garant\u00edas e Intereses<\/span><\/strong><\/p>\n<p style=\"padding-left: 30px; text-align: justify;\"><span style=\"caret-color: auto;\">\u2022 No se requiere la presentaci\u00f3n de garant\u00edas\/ fianzas.<\/span><\/p>\n<p style=\"padding-left: 30px; text-align: justify;\"><span style=\"caret-color: auto;\">\u2022 No son debidos intereses.<\/span><\/p>\n<p style=\"text-align: justify;\"><strong><span style=\"caret-color: auto;\">4. Condiciones del Pago fraccionado<\/span><\/strong><\/p>\n<p style=\"padding-left: 30px; text-align: justify;\"><span style=\"caret-color: auto;\">\u2022 Hasta <strong>3 cuotas mensuales<\/strong>, con un valor<strong> m\u00ednimo de 25 \u20ac<\/strong> cada una;<\/span><\/p>\n<p style=\"padding-left: 60px; text-align: justify;\"><span style=\"caret-color: auto;\">o Excepto para los periodos de:<\/span><\/p>\n<p style=\"padding-left: 90px; text-align: justify;\"><span style=\"caret-color: auto;\">&#8211; <strong>Septiembre y el 3.\u00ba trimestre<\/strong> \u2192 m\u00e1ximo <strong>2 cuotas<\/strong>;<\/span><\/p>\n<p style=\"padding-left: 90px; text-align: justify;\"><span style=\"caret-color: auto;\">&#8211; <strong>Octubre<\/strong> \u2192 solo es posible <strong>1 cuota<\/strong> \u2192 por lo tanto, <strong>no est\u00e1 cubierto<\/strong> por este r\u00e9gimen.<\/span><\/p>\n<p style=\"text-align: justify;\"><strong><span style=\"caret-color: auto;\">5. Exclusiones<\/span><\/strong><\/p>\n<p style=\"padding-left: 30px; text-align: justify;\"><span style=\"caret-color: auto;\">\u2022 Los <strong>actos aislados<\/strong> est\u00e1n <strong>excluidos<\/strong> de este r\u00e9gimen.<\/span><\/p>\n<p style=\"text-align: justify;\"><strong><span style=\"caret-color: auto;\">6. Forma de Pago<\/span><\/strong><\/p>\n<p style=\"padding-left: 30px; text-align: justify;\"><span style=\"caret-color: auto;\">\u2022 La <strong>primera cuota<\/strong> se paga mediante la<strong> referencia generada<\/strong> en la declaraci\u00f3n peri\u00f3dica presentada.<\/span><\/p>\n<p style=\"padding-left: 30px; text-align: justify;\"><span style=\"caret-color: auto;\">\u2022 Las cuotas restantes se generan en el plan y deben pagarse mensualmente.<\/span><\/p>\n<p style=\"padding-left: 30px; text-align: justify;\"><span style=\"caret-color: auto;\">\u2022 Si existen pagos en exceso en cuenta corriente, solo pueden deducirse en la primera cuota.<\/span><\/p>\n<p style=\"padding-left: 30px; text-align: justify;\"><span style=\"caret-color: auto;\">\u2022 La adhesi\u00f3n al <strong>pago domiciliado<\/strong> del IVA <strong>no es v\u00e1lida<\/strong> para este plan. Si se desea utilizar pago domiciliado en el plan, debe solicitarse tras la adhesi\u00f3n.<\/span><\/p>\n<p style=\"text-align: justify;\"><span style=\"caret-color: auto;\">En caso de falta o retraso en el pago de alguna cuota, el plan ser\u00e1 considerado como \u201cinterrumpido\u201d y se iniciar\u00e1 autom\u00e1ticamente el correspondiente proceso de ejecuci\u00f3n fiscal (PEF) por el importe pendiente.<\/span><\/p>\n<p style=\"text-align: justify;\"><span style=\"caret-color: auto;\">El equipo de <a href=\"https:\/\/www.nominaurea.pt\/es\/\">Nominaurea<\/a> est\u00e1 capacitado para prestar todo el apoyo necesario en la implementaci\u00f3n de este r\u00e9gimen.<\/span><\/p>\n","protected":false},"excerpt":{"rendered":"<p>Flash Noticias NA 14\/04\/2025 Flexibilizaci\u00f3n de pago de Impuestos en Portugal En el \u00e1mbito del desarrollo de una actividad empresarial\/comercial, es habitual que las empresas atraviesen per\u00edodos de reducida liquidez de tesorer\u00eda. Cuando se presentan dificultades para el pago del IVA, se puede utilizar el instrumento del R\u00e9gimen complementario de aplazamiento de obligaciones fiscales, que [&hellip;]<\/p>\n","protected":false},"author":2,"featured_media":396,"comment_status":"closed","ping_status":"open","sticky":false,"template":"","format":"standard","meta":{"footnotes":""},"categories":[11],"tags":[],"class_list":["post-1924","post","type-post","status-publish","format-standard","has-post-thumbnail","hentry","category-publicaciones"],"_links":{"self":[{"href":"https:\/\/www.nominaurea.pt\/es\/wp-json\/wp\/v2\/posts\/1924","targetHints":{"allow":["GET"]}}],"collection":[{"href":"https:\/\/www.nominaurea.pt\/es\/wp-json\/wp\/v2\/posts"}],"about":[{"href":"https:\/\/www.nominaurea.pt\/es\/wp-json\/wp\/v2\/types\/post"}],"author":[{"embeddable":true,"href":"https:\/\/www.nominaurea.pt\/es\/wp-json\/wp\/v2\/users\/2"}],"replies":[{"embeddable":true,"href":"https:\/\/www.nominaurea.pt\/es\/wp-json\/wp\/v2\/comments?post=1924"}],"version-history":[{"count":3,"href":"https:\/\/www.nominaurea.pt\/es\/wp-json\/wp\/v2\/posts\/1924\/revisions"}],"predecessor-version":[{"id":4160,"href":"https:\/\/www.nominaurea.pt\/es\/wp-json\/wp\/v2\/posts\/1924\/revisions\/4160"}],"wp:featuredmedia":[{"embeddable":true,"href":"https:\/\/www.nominaurea.pt\/es\/wp-json\/wp\/v2\/media\/396"}],"wp:attachment":[{"href":"https:\/\/www.nominaurea.pt\/es\/wp-json\/wp\/v2\/media?parent=1924"}],"wp:term":[{"taxonomy":"category","embeddable":true,"href":"https:\/\/www.nominaurea.pt\/es\/wp-json\/wp\/v2\/categories?post=1924"},{"taxonomy":"post_tag","embeddable":true,"href":"https:\/\/www.nominaurea.pt\/es\/wp-json\/wp\/v2\/tags?post=1924"}],"curies":[{"name":"wp","href":"https:\/\/api.w.org\/{rel}","templated":true}]}}