{"id":2914,"date":"2014-05-06T00:00:00","date_gmt":"2014-05-06T00:00:00","guid":{"rendered":"https:\/\/www.nominaurea.pt\/noticias\/derrama-municipal-referente-ao-exercicio-de-2013\/"},"modified":"2025-10-22T09:09:09","modified_gmt":"2025-10-22T09:09:09","slug":"derrama-municipal-referente-ao-exercicio-de-2013","status":"publish","type":"post","link":"https:\/\/www.nominaurea.pt\/en\/noticias\/derrama-municipal-referente-ao-exercicio-de-2013\/","title":{"rendered":"Derrama Municipal referente ao exerc\u00edcio de 2013"},"content":{"rendered":"<h5 class=\"bto-encabezamiento\">Flash Not\u00edcias NA 3\/2014<\/h5>\n<h5>Derrama Municipal referente ao exerc\u00edcio de 2013<\/h5>\n<p style=\"text-align: justify;\">A Autoridade Tribut\u00e1ria e Aduaneira divulgou, atrav\u00e9s do Of\u00edcio-Circulado n\u00ba 20170\/2014, de 14 de mar\u00e7o, a lista dos munic\u00edpios e das taxas de derrama aprovadas para cobran\u00e7a em 2014, relativas ao exerc\u00edcio de 2013, necess\u00e1rias ao preenchimento da Declara\u00e7\u00e3o de Rendimentos Modelo 22.<\/p>\n<p style=\"text-align: justify;\">A derrama incide sobre o lucro tribut\u00e1vel sujeito e n\u00e3o isento de IRC relativo ao per\u00edodo de 2013, sendo a taxa \u201cnormal\u201d aplic\u00e1vel aos sujeitos passivos cujo volume de neg\u00f3cios no per\u00edodo anterior ultrapasse \u20ac 150.000 e a taxa \u201creduzida\u201d aos sujeitos passivos cujo volume de neg\u00f3cios n\u00e3o ultrapasse \u20ac 150.000 mas seja superior ao referido no \u00e2mbito da isen\u00e7\u00e3o.<\/p>\n<p style=\"text-align: justify;\">A titulo adicional refira-se, que as empresas que instalem a sua sede social no concelho de Lisboa durante os anos de 2012, 2013 ou 2014 e que criem, no m\u00ednimo, 5 novos postos de trabalho durante o mesmo per\u00edodo t\u00eam isen\u00e7\u00e3o da derrama em 2014, por um per\u00edodo de 3 anos. A manuten\u00e7\u00e3o da isen\u00e7\u00e3o nos anos subsequentes \u00e0 instala\u00e7\u00e3o depende da conserva\u00e7\u00e3o do m\u00ednimo de postos de trabalho previstos no par\u00e1grafo anterior.<\/p>\n<p style=\"text-align: justify;\">Poder\u00e1 ser consultado o Oficio Circulado n\u00ba 20170 de 2014-03-14 <a title=\"Ir al enlace\" href=\"http:\/\/info.portaldasfinancas.gov.pt\/pt\/informacao_fiscal\/legislacao\/instrucoes_administrativas\/Documents\/oficio%20circulado%2020170%202014.pdf\" target=\"_blank\" rel=\"noopener\">no seguinte endere\u00e7o.<\/a><\/p>\n<p>&nbsp;<\/p>\n","protected":false},"excerpt":{"rendered":"<p>Flash Not\u00edcias NA 3\/2014 Derrama Municipal referente ao exerc\u00edcio de 2013 A Autoridade Tribut\u00e1ria e Aduaneira divulgou, atrav\u00e9s do Of\u00edcio-Circulado n\u00ba 20170\/2014, de 14 de mar\u00e7o, a lista dos munic\u00edpios e das taxas de derrama aprovadas para cobran\u00e7a em 2014, relativas ao exerc\u00edcio de 2013, necess\u00e1rias ao preenchimento da Declara\u00e7\u00e3o de Rendimentos Modelo 22. A [&hellip;]<\/p>\n","protected":false},"author":2,"featured_media":0,"comment_status":"closed","ping_status":"open","sticky":false,"template":"","format":"standard","meta":{"footnotes":""},"categories":[1],"tags":[],"class_list":["post-2914","post","type-post","status-publish","format-standard","hentry","category-publications"],"_links":{"self":[{"href":"https:\/\/www.nominaurea.pt\/en\/wp-json\/wp\/v2\/posts\/2914","targetHints":{"allow":["GET"]}}],"collection":[{"href":"https:\/\/www.nominaurea.pt\/en\/wp-json\/wp\/v2\/posts"}],"about":[{"href":"https:\/\/www.nominaurea.pt\/en\/wp-json\/wp\/v2\/types\/post"}],"author":[{"embeddable":true,"href":"https:\/\/www.nominaurea.pt\/en\/wp-json\/wp\/v2\/users\/2"}],"replies":[{"embeddable":true,"href":"https:\/\/www.nominaurea.pt\/en\/wp-json\/wp\/v2\/comments?post=2914"}],"version-history":[{"count":1,"href":"https:\/\/www.nominaurea.pt\/en\/wp-json\/wp\/v2\/posts\/2914\/revisions"}],"predecessor-version":[{"id":2932,"href":"https:\/\/www.nominaurea.pt\/en\/wp-json\/wp\/v2\/posts\/2914\/revisions\/2932"}],"wp:attachment":[{"href":"https:\/\/www.nominaurea.pt\/en\/wp-json\/wp\/v2\/media?parent=2914"}],"wp:term":[{"taxonomy":"category","embeddable":true,"href":"https:\/\/www.nominaurea.pt\/en\/wp-json\/wp\/v2\/categories?post=2914"},{"taxonomy":"post_tag","embeddable":true,"href":"https:\/\/www.nominaurea.pt\/en\/wp-json\/wp\/v2\/tags?post=2914"}],"curies":[{"name":"wp","href":"https:\/\/api.w.org\/{rel}","templated":true}]}}