{"id":2887,"date":"2015-04-30T19:47:40","date_gmt":"2015-04-30T19:47:40","guid":{"rendered":"https:\/\/www.nominaurea.pt\/noticias\/tributacao-referente-a-empresas-nao-residentes-sem-estabelecimento-estavel-em-portugal-2\/"},"modified":"2025-10-22T09:03:56","modified_gmt":"2025-10-22T09:03:56","slug":"tributacao-referente-a-empresas-nao-residentes-sem-estabelecimento-estavel-em-portugal-2","status":"publish","type":"post","link":"https:\/\/www.nominaurea.pt\/en\/noticias\/tributacao-referente-a-empresas-nao-residentes-sem-estabelecimento-estavel-em-portugal-2\/","title":{"rendered":"Tributa\u00e7\u00e3o referente a Empresas N\u00e3o Residentes Sem Estabelecimento Est\u00e1vel em Portugal"},"content":{"rendered":"<h5 class=\"bto-encabezamiento\">Flash Not\u00edcias NA 3\/2015<\/h5>\n<h5>Tributa\u00e7\u00e3o referente a Empresas N\u00e3o Residentes Sem Estabelecimento Est\u00e1vel em Portugal<\/h5>\n<p style=\"text-align: justify;\">A comercializa\u00e7\u00e3o de bens em Portugal por empresas n\u00e3o residentes podem ser efectuadas \u00e0 dist\u00e2ncia e para isso n\u00e3o se torna necess\u00e1rio ter um domic\u00edlio fiscal (escrit\u00f3rio, armaz\u00e9m ou espa\u00e7o f\u00edsico) em territ\u00f3rio Portugu\u00eas.<\/p>\n<p style=\"text-align: justify;\">Este regime de tributa\u00e7\u00e3o \u00e9 destinado a empresas e sociedades que pretendem ingressar e exercer a sua actividade em Portugal, mantendo uma rela\u00e7\u00e3o comercial e de gest\u00e3o \u00e0 dist\u00e2ncia, desde que o valor global, l\u00edquido do IVA, das transmiss\u00f5es de bens efectuadas por cada fornecedor no ano civil anterior ou no ano civil em curso, n\u00e3o exceda o montante de \u20ac35.000,00.<\/p>\n<p style=\"text-align: justify;\">No \u00e2mbito das vendas \u00e0 dist\u00e2ncia, se for excedido o referido limite dos \u20ac35.000,00 \u00e9 obrigat\u00f3rio o registo para efeitos de IVA, n\u00e3o sendo obrigat\u00f3ria a constitui\u00e7\u00e3o de uma Sucursal ou Filial, podendo a empresa registar-se enquanto entidade N\u00e3o Residente Sem Estabelecimento Est\u00e1vel em Portugal.<\/p>\n<p style=\"text-align: justify;\">Para se registar em Portugal \u00e9 necess\u00e1rio cumprir com as seguintes obriga\u00e7\u00f5es:<\/p>\n<p style=\"text-align: justify; margin-left: 60px;\">\u2022 Efectuar registo nacional de pessoas colectiva (RNPC);<\/p>\n<p style=\"text-align: justify; margin-left: 60px;\">\u2022 Iniciar actividade nas Finan\u00e7as;<\/p>\n<p style=\"text-align: justify; margin-left: 60px;\">\u2022 Preparar e enviar declara\u00e7\u00e3o recapitulativa de IVA;<\/p>\n<p style=\"text-align: justify; margin-left: 60px;\">\u2022 Preparar e enviar declara\u00e7\u00e3o peri\u00f3dica de IVA;<\/p>\n<p style=\"text-align: justify; margin-left: 60px;\">\u2022 Preparar e enviar declara\u00e7\u00e3o anual de IVA (Anexo L);<\/p>\n<p style=\"text-align: justify; margin-left: 60px;\">\u2022 Preparar e enviar inqu\u00e9rito ao INTRASTAT (se aplic\u00e1vel)<\/p>\n<p style=\"text-align: justify;\">A Nominaurea tem uma equipa de <strong>T\u00e9cnicos Oficiais de Contas (TOC)<\/strong> preparados para cumprir com todas as <strong>declara\u00e7\u00f5es contabil\u00edsticas de gest\u00e3o e fiscais<\/strong> e com uma larga experi\u00eancia em <strong>assessoria de fiscalidade e de contabilidade<\/strong>, tendo uma equipa vocacionada e experiente, sendo uma das suas \u00e1reas de especializa\u00e7\u00e3o ajudar na <strong>implementa\u00e7\u00e3o de empresas e sociedades em Portugal<\/strong>.<\/p>\n<p style=\"text-align: justify;\">Somos uma empresa de <strong>assessores de gest\u00e3o em Lisboa<\/strong> e estamos ao dispor para quaisquer esclarecimentos ou apresenta\u00e7\u00f5es que considerem pertinentes.<\/p>\n<p>&nbsp;<\/p>\n","protected":false},"excerpt":{"rendered":"<p>Flash Not\u00edcias NA 3\/2015 Tributa\u00e7\u00e3o referente a Empresas N\u00e3o Residentes Sem Estabelecimento Est\u00e1vel em Portugal A comercializa\u00e7\u00e3o de bens em Portugal por empresas n\u00e3o residentes podem ser efectuadas \u00e0 dist\u00e2ncia e para isso n\u00e3o se torna necess\u00e1rio ter um domic\u00edlio fiscal (escrit\u00f3rio, armaz\u00e9m ou espa\u00e7o f\u00edsico) em territ\u00f3rio Portugu\u00eas. Este regime de tributa\u00e7\u00e3o \u00e9 destinado [&hellip;]<\/p>\n","protected":false},"author":2,"featured_media":0,"comment_status":"closed","ping_status":"open","sticky":false,"template":"","format":"standard","meta":{"footnotes":""},"categories":[1],"tags":[],"class_list":["post-2887","post","type-post","status-publish","format-standard","hentry","category-publications"],"_links":{"self":[{"href":"https:\/\/www.nominaurea.pt\/en\/wp-json\/wp\/v2\/posts\/2887","targetHints":{"allow":["GET"]}}],"collection":[{"href":"https:\/\/www.nominaurea.pt\/en\/wp-json\/wp\/v2\/posts"}],"about":[{"href":"https:\/\/www.nominaurea.pt\/en\/wp-json\/wp\/v2\/types\/post"}],"author":[{"embeddable":true,"href":"https:\/\/www.nominaurea.pt\/en\/wp-json\/wp\/v2\/users\/2"}],"replies":[{"embeddable":true,"href":"https:\/\/www.nominaurea.pt\/en\/wp-json\/wp\/v2\/comments?post=2887"}],"version-history":[{"count":1,"href":"https:\/\/www.nominaurea.pt\/en\/wp-json\/wp\/v2\/posts\/2887\/revisions"}],"predecessor-version":[{"id":2906,"href":"https:\/\/www.nominaurea.pt\/en\/wp-json\/wp\/v2\/posts\/2887\/revisions\/2906"}],"wp:attachment":[{"href":"https:\/\/www.nominaurea.pt\/en\/wp-json\/wp\/v2\/media?parent=2887"}],"wp:term":[{"taxonomy":"category","embeddable":true,"href":"https:\/\/www.nominaurea.pt\/en\/wp-json\/wp\/v2\/categories?post=2887"},{"taxonomy":"post_tag","embeddable":true,"href":"https:\/\/www.nominaurea.pt\/en\/wp-json\/wp\/v2\/tags?post=2887"}],"curies":[{"name":"wp","href":"https:\/\/api.w.org\/{rel}","templated":true}]}}