{"id":2864,"date":"2015-10-29T19:47:40","date_gmt":"2015-10-29T19:47:40","guid":{"rendered":"https:\/\/www.nominaurea.pt\/noticias\/alteracoes-ao-normativo-contabilistico-a-entrar-em-vigor-em-2016\/"},"modified":"2025-10-22T08:56:37","modified_gmt":"2025-10-22T08:56:37","slug":"alteracoes-ao-normativo-contabilistico-a-entrar-em-vigor-em-2016","status":"publish","type":"post","link":"https:\/\/www.nominaurea.pt\/en\/noticias\/alteracoes-ao-normativo-contabilistico-a-entrar-em-vigor-em-2016\/","title":{"rendered":"Altera\u00e7\u00f5es ao normativo contabil\u00edstico a entrar em vigor em 2016"},"content":{"rendered":"<h5 class=\"bto-encabezamiento\">Flash Not\u00edcias NA 6\/2015<\/h5>\n<h5>Altera\u00e7\u00f5es ao normativo contabil\u00edstico a entrar em vigor em 2016<\/h5>\n<p style=\"text-align: justify;\">Foi publicado em 2 de junho o Decreto-Lei n.\u00ba 98\/2015, que transp\u00f4s para Portugal a Diretiva n.\u00ba 2013\/34\/UE, do Parlamento Europeu e do Conselho, de 26 de junho de 2013, relativa \u00e0s demonstra\u00e7\u00f5es financeira anual, \u00e0s demonstra\u00e7\u00f5es financeiras consolidadas e aos relat\u00f3rios conexos de alguns tipos de empresas.<\/p>\n<p style=\"text-align: justify;\">Numa conjuntura econ\u00f3mica desfavor\u00e1vel e com elevada carga fiscal a <strong>assessoria de contabilidade<\/strong> \u00e9 uma ferramenta indispens\u00e1vel para as empresas.<\/p>\n<p style=\"text-align: justify;\">O principal prop\u00f3sito assenta na redu\u00e7\u00e3o de encargos administrativos das pequenas e m\u00e9dias empresas e simplifica\u00e7\u00e3o de procedimentos de relato financeiro.<\/p>\n<p style=\"text-align: justify;\">A Nominaurea como empresa com uma larga experi\u00eancia em <strong>gest\u00e3o de contabilidade e assessoria fiscal<\/strong>, presta ajuda \u00e0s empresas na optimiza\u00e7\u00e3o das pol\u00edticas contabil\u00edsticas e fiscais adaptadas a cada situa\u00e7\u00e3o.<\/p>\n<p style=\"text-align: justify;\">O legislador procurou proceder a uma redu\u00e7\u00e3o significativa das divulga\u00e7\u00f5es exigidas pelas normas contabil\u00edsticas e de relato financeiro em particular para as microentidades.<\/p>\n<p style=\"text-align: justify;\">Ora, destas altera\u00e7\u00f5es realizadas ao n\u00edvel da quest\u00e3o dos grupos e da consolida\u00e7\u00e3o de contas, ressalta uma maior abrang\u00eancia, o que implica, desde logo, um maior n\u00famero de grupos sujeitos \u00e0 elabora\u00e7\u00e3o e apresenta\u00e7\u00e3o de contas consolidadas.<\/p>\n<p style=\"text-align: justify;\">A Nominaurea \u00e9 uma empresa que tem uma equipa de <strong>T\u00e9cnicos Oficiais de Contas<\/strong> competentes para ajudar no cumprimento de todas as declara\u00e7\u00f5es de gest\u00e3o e fiscais no sentido de preparar toda a tramita\u00e7\u00e3o necess\u00e1ria para um r\u00e1pido enquadramento das empresas ao novo normativo contabil\u00edstico.<\/p>\n<p style=\"text-align: justify;\">Ressalta sobretudo, a defini\u00e7\u00e3o de pequenos grupos dispensados da consolida\u00e7\u00e3o de contas, os quais na sua base consolidada e \u00e0 data do balan\u00e7o da empresa-m\u00e3e, n\u00e3o ultrapassem dois dos tr\u00eas limites seguintes: i) total do balan\u00e7o: \u20ac6.000.000; ii) volume de neg\u00f3cios l\u00edquido: \u20ac12.000.000 e iii) n\u00famero m\u00e9dio de empregados durante o per\u00edodo: 50.<\/p>\n<p><img decoding=\"async\" style=\"display: block; margin-left: auto; margin-right: auto;\" title=\"Altera\u00e7\u00f5es ao normativo contabil\u00edstico a entrar em vigor em 2016\" src=\"images\/nominaurea\/noticias_2015_1.png\" alt=\"Altera\u00e7\u00f5es ao normativo contabil\u00edstico a entrar em vigor em 2016\" width=\"100%\" height=\"auto\" \/><\/p>\n<p style=\"text-align: justify; font-size: 12px;\"><em><strong>(1)<\/strong> O conceito aplicado no caso das Pequenas Entidades (PE) at\u00e9 31-12-2015 \u00e9 \u201ctotal de vendas l\u00edquidas e outros rendimentos\u201d.<\/em><\/p>\n<p style=\"text-align: justify; font-size: 12px;\"><em><strong>(2)<\/strong> Desagrega o atual conceito de entidades do regime geral do SNC, dividindo-as em M\u00e9dias Entidades e Grandes Entidades.<\/em><\/p>\n<p style=\"text-align: justify;\">Nominaurea presta <strong>servi\u00e7os de contabilidade em Lisboa<\/strong> e estamos dispon\u00edveis para quaisquer esclarecimentos que tenham por convenientes.<\/p>\n<p>&nbsp;<\/p>\n","protected":false},"excerpt":{"rendered":"<p>Flash Not\u00edcias NA 6\/2015 Altera\u00e7\u00f5es ao normativo contabil\u00edstico a entrar em vigor em 2016 Foi publicado em 2 de junho o Decreto-Lei n.\u00ba 98\/2015, que transp\u00f4s para Portugal a Diretiva n.\u00ba 2013\/34\/UE, do Parlamento Europeu e do Conselho, de 26 de junho de 2013, relativa \u00e0s demonstra\u00e7\u00f5es financeira anual, \u00e0s demonstra\u00e7\u00f5es financeiras consolidadas e aos [&hellip;]<\/p>\n","protected":false},"author":2,"featured_media":0,"comment_status":"closed","ping_status":"open","sticky":false,"template":"","format":"standard","meta":{"footnotes":""},"categories":[1],"tags":[],"class_list":["post-2864","post","type-post","status-publish","format-standard","hentry","category-publications"],"_links":{"self":[{"href":"https:\/\/www.nominaurea.pt\/en\/wp-json\/wp\/v2\/posts\/2864","targetHints":{"allow":["GET"]}}],"collection":[{"href":"https:\/\/www.nominaurea.pt\/en\/wp-json\/wp\/v2\/posts"}],"about":[{"href":"https:\/\/www.nominaurea.pt\/en\/wp-json\/wp\/v2\/types\/post"}],"author":[{"embeddable":true,"href":"https:\/\/www.nominaurea.pt\/en\/wp-json\/wp\/v2\/users\/2"}],"replies":[{"embeddable":true,"href":"https:\/\/www.nominaurea.pt\/en\/wp-json\/wp\/v2\/comments?post=2864"}],"version-history":[{"count":1,"href":"https:\/\/www.nominaurea.pt\/en\/wp-json\/wp\/v2\/posts\/2864\/revisions"}],"predecessor-version":[{"id":2879,"href":"https:\/\/www.nominaurea.pt\/en\/wp-json\/wp\/v2\/posts\/2864\/revisions\/2879"}],"wp:attachment":[{"href":"https:\/\/www.nominaurea.pt\/en\/wp-json\/wp\/v2\/media?parent=2864"}],"wp:term":[{"taxonomy":"category","embeddable":true,"href":"https:\/\/www.nominaurea.pt\/en\/wp-json\/wp\/v2\/categories?post=2864"},{"taxonomy":"post_tag","embeddable":true,"href":"https:\/\/www.nominaurea.pt\/en\/wp-json\/wp\/v2\/tags?post=2864"}],"curies":[{"name":"wp","href":"https:\/\/api.w.org\/{rel}","templated":true}]}}