{"id":2833,"date":"2016-12-07T00:00:00","date_gmt":"2016-12-07T00:00:00","guid":{"rendered":"https:\/\/www.nominaurea.pt\/noticias\/vales-sociais-infancia-educacao\/"},"modified":"2025-10-22T08:50:12","modified_gmt":"2025-10-22T08:50:12","slug":"vales-sociais-infancia-educacao","status":"publish","type":"post","link":"https:\/\/www.nominaurea.pt\/en\/noticias\/vales-sociais-infancia-educacao\/","title":{"rendered":"Vales sociais: inf\u00e2ncia\/educa\u00e7\u00e3o"},"content":{"rendered":"<h5 class=\"bto-encabezamiento\">Flash Not\u00edcias NA 7\/2016<\/h5>\n<h5>Vales sociais: inf\u00e2ncia\/educa\u00e7\u00e3o<\/h5>\n<p style=\"text-align: justify;\">A Lei do Or\u00e7amento do Estado veio alterar o Decreto-Lei n\u00ba 26\/99, de 28 de Janeiro de 2015 e segue vigente, este diploma estabelece as condi\u00e7\u00f5es de emiss\u00e3o e atribui\u00e7\u00e3o dos vales sociais, inf\u00e2ncia e educa\u00e7\u00e3o.<\/p>\n<p style=\"text-align: justify;\">A Nominaurea \u00e9 uma empresa que tem uma equipa de <strong>T\u00e9cnicos de Recursos Humanos<\/strong> competentes para ajudar no cumprimento de todas as declara\u00e7\u00f5es de gest\u00e3o e fiscais, e porque efectivamente os vales sociais tem por finalidade potenciar, atrav\u00e9s da constitui\u00e7\u00e3o de fundos, o apoio das entidades empregadoras aos seus trabalhadores que tenham a seu cargo filhos ou outros indiv\u00edduos fiscalmente equiparados com as seguintes idades:<\/p>\n<p style=\"text-align: justify; margin-left: 60px;\">\u2022 Com idade inferior a 7 anos \u2013 vale inf\u00e2ncia \u2013 s\u00e3o destinados ao pagamento de creches, jardim-de-inf\u00e2ncia e lact\u00e1rios<\/p>\n<p style=\"text-align: justify; margin-left: 60px;\">\u2022 Com idade compreendida entre os 7 e os 25 anos \u2013 vale educa\u00e7\u00e3o \u2013 s\u00e3o destinados ao pagamento de escolas, estabelecimentos de ensino e outros servi\u00e7os de educa\u00e7\u00e3o, bem como despesas com manuais e livros escolares.<\/p>\n<p style=\"text-align: justify;\">A atribui\u00e7\u00e3o de vales sociais n\u00e3o pode constituir uma substitui\u00e7\u00e3o, ainda que parcial, da retribui\u00e7\u00e3o laboral devida ao trabalhador.<\/p>\n<p style=\"text-align: justify;\">A verdadeira vantagem dos vales sociais \u00e9 o facto de n\u00e3o serem tributados em sede de IRS, desde que se verifiquem os pressupostos estabelecidos no artigo 43\u00ba do C\u00f3digo do IRC, ou seja, tenham car\u00e1cter geral e n\u00e3o se revistam como rendimento do trabalho dependente.<\/p>\n<p style=\"text-align: justify;\">A atribui\u00e7\u00e3o dos vales sociais tem de ser entendida como \u201catribui\u00e7\u00e3o a todos os trabalhadores que tenham a seu cargo filhos ou equiparados com idades n\u00e3o superiores a 25 anos.<\/p>\n<p style=\"text-align: justify;\">Os vales inf\u00e2ncia n\u00e3o est\u00e3o sujeitos a qualquer limite em sede de IRS.<\/p>\n<p style=\"text-align: justify;\">Os vales educa\u00e7\u00e3o est\u00e3o sujeitos a um limite anual de 1.100\u20ac por cada dependente.<\/p>\n<p style=\"text-align: justify;\">Estes vales n\u00e3o est\u00e3o sujeitos \u00e0 contribui\u00e7\u00e3o para a Seguran\u00e7a Social, quer para o trabalhador quer para a entidade empregadora, de acordo com o artigo 48\u00ba do C\u00f3digo Contributivo.<\/p>\n<p style=\"text-align: justify;\">Os valores pagos que correspondam a vales, devem ser declarados na DMR (Declara\u00e7\u00e3o Mensal de Remunera\u00e7\u00f5es), sendo este rendimento n\u00e3o sujeito a IRS dever\u00e1 ser declarado no c\u00f3digo \u201cA23\u201d.<\/p>\n<p style=\"text-align: justify;\"><span style=\"text-decoration: underline;\">Como conclus\u00e3o:<\/span><\/p>\n<p style=\"text-align: justify;\">O montante auferido (at\u00e9 ao limite, no caso de vales educa\u00e7\u00e3o) n\u00e3o \u00e9 considerado rendimento para o trabalhador.<\/p>\n<p style=\"text-align: justify;\">N\u00e3o sujei\u00e7\u00e3o \u00e0 Taxa Social \u00danica<\/p>\n<p style=\"text-align: justify;\">O gasto registado pela entidade patronal \u00e9 fiscalmente considerado em 140% (custo + majora\u00e7\u00e3o de 40%), ou seja, beneficia de uma majora\u00e7\u00e3o de 40% de acordo com o disposto no art.\u00ba 43\u00ba do C\u00f3digo do IRC, majora\u00e7\u00e3o a deduzir no apuramento do resultado tribut\u00e1vel no quadro 07 da Declara\u00e7\u00e3o Peri\u00f3dica de Rendimentos Modelo 22.<\/p>\n<p style=\"text-align: justify;\">A Nominaurea tem uma vasta experi\u00eancia na prepara\u00e7\u00e3o e envio de vencimentos que incluem tamb\u00e9m os conceitos de vales de inf\u00e2ncia e de educa\u00e7\u00e3o.<\/p>\n<p style=\"text-align: justify;\">Nominaurea presta <strong>servi\u00e7os de contabilidade<\/strong> em Lisboa e estamos dispon\u00edveis para quaisquer esclarecimentos que tenham por convenientes.<\/p>\n<p>&nbsp;<\/p>\n","protected":false},"excerpt":{"rendered":"<p>Flash Not\u00edcias NA 7\/2016 Vales sociais: inf\u00e2ncia\/educa\u00e7\u00e3o A Lei do Or\u00e7amento do Estado veio alterar o Decreto-Lei n\u00ba 26\/99, de 28 de Janeiro de 2015 e segue vigente, este diploma estabelece as condi\u00e7\u00f5es de emiss\u00e3o e atribui\u00e7\u00e3o dos vales sociais, inf\u00e2ncia e educa\u00e7\u00e3o. A Nominaurea \u00e9 uma empresa que tem uma equipa de T\u00e9cnicos de [&hellip;]<\/p>\n","protected":false},"author":2,"featured_media":0,"comment_status":"closed","ping_status":"open","sticky":false,"template":"","format":"standard","meta":{"footnotes":""},"categories":[1],"tags":[],"class_list":["post-2833","post","type-post","status-publish","format-standard","hentry","category-publications"],"_links":{"self":[{"href":"https:\/\/www.nominaurea.pt\/en\/wp-json\/wp\/v2\/posts\/2833","targetHints":{"allow":["GET"]}}],"collection":[{"href":"https:\/\/www.nominaurea.pt\/en\/wp-json\/wp\/v2\/posts"}],"about":[{"href":"https:\/\/www.nominaurea.pt\/en\/wp-json\/wp\/v2\/types\/post"}],"author":[{"embeddable":true,"href":"https:\/\/www.nominaurea.pt\/en\/wp-json\/wp\/v2\/users\/2"}],"replies":[{"embeddable":true,"href":"https:\/\/www.nominaurea.pt\/en\/wp-json\/wp\/v2\/comments?post=2833"}],"version-history":[{"count":1,"href":"https:\/\/www.nominaurea.pt\/en\/wp-json\/wp\/v2\/posts\/2833\/revisions"}],"predecessor-version":[{"id":2848,"href":"https:\/\/www.nominaurea.pt\/en\/wp-json\/wp\/v2\/posts\/2833\/revisions\/2848"}],"wp:attachment":[{"href":"https:\/\/www.nominaurea.pt\/en\/wp-json\/wp\/v2\/media?parent=2833"}],"wp:term":[{"taxonomy":"category","embeddable":true,"href":"https:\/\/www.nominaurea.pt\/en\/wp-json\/wp\/v2\/categories?post=2833"},{"taxonomy":"post_tag","embeddable":true,"href":"https:\/\/www.nominaurea.pt\/en\/wp-json\/wp\/v2\/tags?post=2833"}],"curies":[{"name":"wp","href":"https:\/\/api.w.org\/{rel}","templated":true}]}}