{"id":2782,"date":"2019-04-10T00:00:00","date_gmt":"2019-04-10T00:00:00","guid":{"rendered":"https:\/\/www.nominaurea.pt\/noticias\/quando-se-pagam-os-impostos-em-portugal\/"},"modified":"2025-10-22T08:33:57","modified_gmt":"2025-10-22T08:33:57","slug":"quando-se-pagam-os-impostos-em-portugal","status":"publish","type":"post","link":"https:\/\/www.nominaurea.pt\/en\/noticias\/quando-se-pagam-os-impostos-em-portugal\/","title":{"rendered":"Quando se pagam os impostos em Portugal?"},"content":{"rendered":"<h5 class=\"bto-encabezamiento\">Flash Not\u00edcias NA 1\/2019<\/h5>\n<h5>Quando se pagam os impostos em Portugal?<\/h5>\n<p style=\"text-align: justify;\">Com a entrada em vigor do or\u00e7amento de estado para 2019, foram estabelecidas novas datas para a entrega de tr\u00eas impostos: IRS, IMI e IRC.<\/p>\n<p style=\"text-align: left;\"><strong>IRS \u2013 Imposto sobre Rendimento Singular<\/strong><\/p>\n<p style=\"text-align: left;\"><strong>IRC \u2013 Imposto sobre o Rendimento Coletivo<\/strong><\/p>\n<p style=\"text-align: left;\"><strong>IMI \u2013 Imposto Municipal sobre Im\u00f3veis<\/strong><\/p>\n<p style=\"text-align: justify;\">Os contribuintes v\u00e3o ter em 2019 mais um m\u00eas para entregar a declara\u00e7\u00e3o de IRS, nomeadamente at\u00e9 30 de Junho.<\/p>\n<p style=\"text-align: justify;\">Haver\u00e1 mais tempo para validar as faturas no portal e-fatura, at\u00e9 25 de Fevereiro, mas tamb\u00e9m para reclamar se detetar alguma fatura incorreta ou em falta, neste caso, at\u00e9 31 de Mar\u00e7o.<\/p>\n<p style=\"text-align: justify;\">Ao n\u00edvel do IRC, a data limite para a entrega da declara\u00e7\u00e3o de rendimentos ap\u00f3s cessa\u00e7\u00e3o de atividade, passa a ser o \u00faltimo dia do terceiro m\u00eas seguinte ao do encerramento da atividade da empresa.<\/p>\n<p style=\"text-align: justify;\">No Pagamento do IMI, se o valor for inferior a 100 euros, o pagamento poder\u00e1 ser efetuado um m\u00eas mais tarde, em Maio.<\/p>\n<p style=\"text-align: justify;\">Para os contribuintes que t\u00eam de pagar entre 100 e 500 euros, poder\u00e3o faz\u00ea-lo em duas presta\u00e7\u00f5es, em Maio e Novembro.<\/p>\n<p style=\"text-align: justify;\">Para montantes superiores a 500 euros, o pagamento ser\u00e1 feito em tr\u00eas presta\u00e7\u00f5es, nos meses de Maio, Agosto e Novembro.<\/p>\n<p style=\"text-align: justify;\"><strong>Quadro Resumo<\/strong><\/p>\n<table style=\"width: 90%; margin-left: auto; margin-right: auto;\">\n<tbody>\n<tr style=\"background-color: #0070c0;\">\n<td style=\"width: 50%;\">\n<p style=\"text-align: center;\"><strong><span style=\"color: #ffffff;\">IRS<\/span><\/strong><\/p>\n<\/td>\n<td style=\"width: 50%;\">\n<p style=\"color: #ffffff; text-align: center;\"><strong><span style=\"color: #ffffff;\">Novos Prazos<\/span><\/strong><\/p>\n<\/td>\n<\/tr>\n<tr>\n<td>Entrega declara\u00e7\u00e3o de rendimentos<\/td>\n<td>1 de Abril a 30 de Junho<\/td>\n<\/tr>\n<tr>\n<td>Apuramento, pela AT, do valor das dedu\u00e7\u00f5es \u00e0 coleta com base nas faturas que foram comunicadas<\/td>\n<td>25 de Fevereiro<\/td>\n<\/tr>\n<tr>\n<td>Disponibiliza\u00e7\u00e3o no Portal das Finan\u00e7as, do montante das dedu\u00e7\u00f5es \u00e0 coleta<\/td>\n<td>15 de Mar\u00e7o<\/td>\n<\/tr>\n<tr>\n<td>Reclama\u00e7\u00e3o, pelo contribuinte, do c\u00e1lculo do montante das dedu\u00e7\u00f5es \u00e0 coleta<\/td>\n<td>31 de Mar\u00e7o<\/td>\n<\/tr>\n<tr style=\"background-color: #0070c0;\">\n<td>\n<p style=\"text-align: center;\"><strong><span style=\"color: #ffffff;\">IRC<\/span><\/strong><\/p>\n<\/td>\n<td>\n<p style=\"color: #ffffff; text-align: center;\"><strong><span style=\"color: #ffffff;\">Novos Prazos<\/span><\/strong><\/p>\n<\/td>\n<\/tr>\n<tr>\n<td>Entrega da declara\u00e7\u00e3o de rendimentos ap\u00f3s cessa\u00e7\u00e3o de atividade<\/td>\n<td>\u00daltimo dia do terceiro m\u00eas seguinte ao da data de cessa\u00e7\u00e3o<\/td>\n<\/tr>\n<tr style=\"background-color: #0070c0;\">\n<td>\n<p style=\"text-align: center;\"><strong><span style=\"color: #ffffff;\">IMI<\/span><\/strong><\/p>\n<\/td>\n<td>\n<p style=\"color: #ffffff; text-align: center;\"><strong><span style=\"color: #ffffff;\">Novos Prazos<\/span><\/strong><\/p>\n<\/td>\n<\/tr>\n<tr>\n<td>Pagamento \u00fanico<\/td>\n<td>Maio<\/td>\n<\/tr>\n<tr>\n<td>Pagamento em duas presta\u00e7\u00f5es<\/td>\n<td>Maio e Novembro<\/td>\n<\/tr>\n<tr>\n<td>Pagamento em tr\u00eas presta\u00e7\u00f5es<\/td>\n<td>Maio, Agosto e Novembro<\/td>\n<\/tr>\n<\/tbody>\n<\/table>\n","protected":false},"excerpt":{"rendered":"<p>Flash Not\u00edcias NA 1\/2019 Quando se pagam os impostos em Portugal? Com a entrada em vigor do or\u00e7amento de estado para 2019, foram estabelecidas novas datas para a entrega de tr\u00eas impostos: IRS, IMI e IRC. IRS \u2013 Imposto sobre Rendimento Singular IRC \u2013 Imposto sobre o Rendimento Coletivo IMI \u2013 Imposto Municipal sobre Im\u00f3veis [&hellip;]<\/p>\n","protected":false},"author":2,"featured_media":0,"comment_status":"closed","ping_status":"open","sticky":false,"template":"","format":"standard","meta":{"footnotes":""},"categories":[1],"tags":[],"class_list":["post-2782","post","type-post","status-publish","format-standard","hentry","category-publications"],"_links":{"self":[{"href":"https:\/\/www.nominaurea.pt\/en\/wp-json\/wp\/v2\/posts\/2782","targetHints":{"allow":["GET"]}}],"collection":[{"href":"https:\/\/www.nominaurea.pt\/en\/wp-json\/wp\/v2\/posts"}],"about":[{"href":"https:\/\/www.nominaurea.pt\/en\/wp-json\/wp\/v2\/types\/post"}],"author":[{"embeddable":true,"href":"https:\/\/www.nominaurea.pt\/en\/wp-json\/wp\/v2\/users\/2"}],"replies":[{"embeddable":true,"href":"https:\/\/www.nominaurea.pt\/en\/wp-json\/wp\/v2\/comments?post=2782"}],"version-history":[{"count":1,"href":"https:\/\/www.nominaurea.pt\/en\/wp-json\/wp\/v2\/posts\/2782\/revisions"}],"predecessor-version":[{"id":2800,"href":"https:\/\/www.nominaurea.pt\/en\/wp-json\/wp\/v2\/posts\/2782\/revisions\/2800"}],"wp:attachment":[{"href":"https:\/\/www.nominaurea.pt\/en\/wp-json\/wp\/v2\/media?parent=2782"}],"wp:term":[{"taxonomy":"category","embeddable":true,"href":"https:\/\/www.nominaurea.pt\/en\/wp-json\/wp\/v2\/categories?post=2782"},{"taxonomy":"post_tag","embeddable":true,"href":"https:\/\/www.nominaurea.pt\/en\/wp-json\/wp\/v2\/tags?post=2782"}],"curies":[{"name":"wp","href":"https:\/\/api.w.org\/{rel}","templated":true}]}}