{"id":2776,"date":"2019-07-14T00:00:00","date_gmt":"2019-07-14T00:00:00","guid":{"rendered":"https:\/\/www.nominaurea.pt\/noticias\/prolongamento-do-prazo-de-entrega-da-ies\/"},"modified":"2025-10-22T08:33:42","modified_gmt":"2025-10-22T08:33:42","slug":"prolongamento-do-prazo-de-entrega-da-ies","status":"publish","type":"post","link":"https:\/\/www.nominaurea.pt\/en\/noticias\/prolongamento-do-prazo-de-entrega-da-ies\/","title":{"rendered":"Prolongamento do prazo de entrega da IES"},"content":{"rendered":"<h5 class=\"bto-encabezamiento\">Flash Not\u00edcias NA 4\/2019<\/h5>\n<h5>Prolongamento do prazo de entrega da IES<\/h5>\n<p style=\"text-align: justify;\">Por decis\u00e3o governamental foi adiada dois dias o prazo de entrega pelas empresas da IES\/DA, tendo a data limite desta obriga\u00e7\u00e3o passado a ser o dia 17 de Julho de 2019.<\/p>\n<p style=\"text-align: justify;\">A partir do per\u00edodo de tributa\u00e7\u00e3o de 2019, a submiss\u00e3o da IES \u2013 que se aplica \u00e0s empresas e Empres\u00e1rios em Nome Individual (ENI) que possuam contabilidade organizada \u2013 que inclua os anexos A ou I, referentes \u00e0 presta\u00e7\u00e3o de contas das empresas e ENI, \u00e9 efetuada mediante a submiss\u00e3o pr\u00e9via \u00e0 Autoridade Tribut\u00e1ria e Aduaneira (AT) do ficheiro SAF-T relativo \u00e0 contabilidade.<\/p>\n<p style=\"text-align: justify;\">Quanto \u00e0 obriga\u00e7\u00e3o de entrega da IES\/DA, pelos contribuintes que entregam IRC, ou IRS com contabilidade organizada ou obrigados a apresentar qualquer dos anexos que dela fazem parte integrante, o despacho determina que \u201cpossa ser cumprida at\u00e9 ao dia 17 de julho de 2019, sem quaisquer penalidades\u201d, um prazo que terminava a 15 de julho, de hoje a uma semana.<\/p>\n<p style=\"text-align: justify;\">Num \u00fanico ato, a declara\u00e7\u00e3o IES cumpre obriga\u00e7\u00f5es fiscais, contabil\u00edsticas, estat\u00edsticas e de presta\u00e7\u00e3o de contas.<\/p>\n<p style=\"text-align: justify;\">O SAF-T \u00e9 um ficheiro de auditoria fiscal extra\u00eddo dos programas inform\u00e1ticos de contabilidade, que cont\u00e9m a informa\u00e7\u00e3o contabil\u00edstica das empresas, e a sua submiss\u00e3o pr\u00e9via \u00e0 AT vai permitir o preenchimento autom\u00e1tico pr\u00e9vio de v\u00e1rios campos dos Anexos A e I da IES, obtendo-se uma simplifica\u00e7\u00e3o para a entrega desses anexos.<\/p>\n<p style=\"text-align: justify;\">Atendendo \u00e0 crescente tomada de consciencializa\u00e7\u00e3o por parte dos respons\u00e1veis das empresas no que respeita \u00e0s novas obriga\u00e7\u00f5es de reporte fiscal, a Nominaurea como empresa com larga experi\u00eancia em <b>assessoria fiscal<\/b> disp\u00f5e de <b>contabilistas especializados<\/b> nesta mat\u00e9ria, que podem fornecer servi\u00e7os \u00e0s empresas relacionados com o cumprimento da produ\u00e7\u00e3o do ficheiro SAF-T da contabilidade que passar\u00e1 a ser pe\u00e7a indispens\u00e1vel para o pr\u00e9-preenchimento da IES.<\/p>\n<p>&nbsp;<\/p>\n","protected":false},"excerpt":{"rendered":"<p>Flash Not\u00edcias NA 4\/2019 Prolongamento do prazo de entrega da IES Por decis\u00e3o governamental foi adiada dois dias o prazo de entrega pelas empresas da IES\/DA, tendo a data limite desta obriga\u00e7\u00e3o passado a ser o dia 17 de Julho de 2019. A partir do per\u00edodo de tributa\u00e7\u00e3o de 2019, a submiss\u00e3o da IES \u2013 [&hellip;]<\/p>\n","protected":false},"author":2,"featured_media":0,"comment_status":"closed","ping_status":"open","sticky":false,"template":"","format":"standard","meta":{"footnotes":""},"categories":[1],"tags":[],"class_list":["post-2776","post","type-post","status-publish","format-standard","hentry","category-publications"],"_links":{"self":[{"href":"https:\/\/www.nominaurea.pt\/en\/wp-json\/wp\/v2\/posts\/2776","targetHints":{"allow":["GET"]}}],"collection":[{"href":"https:\/\/www.nominaurea.pt\/en\/wp-json\/wp\/v2\/posts"}],"about":[{"href":"https:\/\/www.nominaurea.pt\/en\/wp-json\/wp\/v2\/types\/post"}],"author":[{"embeddable":true,"href":"https:\/\/www.nominaurea.pt\/en\/wp-json\/wp\/v2\/users\/2"}],"replies":[{"embeddable":true,"href":"https:\/\/www.nominaurea.pt\/en\/wp-json\/wp\/v2\/comments?post=2776"}],"version-history":[{"count":1,"href":"https:\/\/www.nominaurea.pt\/en\/wp-json\/wp\/v2\/posts\/2776\/revisions"}],"predecessor-version":[{"id":2797,"href":"https:\/\/www.nominaurea.pt\/en\/wp-json\/wp\/v2\/posts\/2776\/revisions\/2797"}],"wp:attachment":[{"href":"https:\/\/www.nominaurea.pt\/en\/wp-json\/wp\/v2\/media?parent=2776"}],"wp:term":[{"taxonomy":"category","embeddable":true,"href":"https:\/\/www.nominaurea.pt\/en\/wp-json\/wp\/v2\/categories?post=2776"},{"taxonomy":"post_tag","embeddable":true,"href":"https:\/\/www.nominaurea.pt\/en\/wp-json\/wp\/v2\/tags?post=2776"}],"curies":[{"name":"wp","href":"https:\/\/api.w.org\/{rel}","templated":true}]}}