{"id":2754,"date":"2019-09-09T00:00:00","date_gmt":"2019-09-09T00:00:00","guid":{"rendered":"https:\/\/www.nominaurea.pt\/noticias\/prorrogacao-do-prazo-para-o-cumprimento-de-obrigacoes-iva\/"},"modified":"2025-10-22T08:27:03","modified_gmt":"2025-10-22T08:27:03","slug":"prorrogacao-do-prazo-para-o-cumprimento-de-obrigacoes-iva","status":"publish","type":"post","link":"https:\/\/www.nominaurea.pt\/en\/noticias\/prorrogacao-do-prazo-para-o-cumprimento-de-obrigacoes-iva\/","title":{"rendered":"Prorroga\u00e7\u00e3o do prazo para o cumprimento de obriga\u00e7\u00f5es | IVA"},"content":{"rendered":"<h5 class=\"bto-encabezamiento\">Flash Not\u00edcias NA 5\/2019<\/h5>\n<h5>Prorroga\u00e7\u00e3o do prazo para o cumprimento de obriga\u00e7\u00f5es | IVA<\/h5>\n<p style=\"text-align: justify;\">Tendo sido publicado o Despacho n.\u00ba 245\/2019-XXI, de 27 de junho, foi prorrogado o prazo para o cumprimento das obriga\u00e7\u00f5es decorrentes do Decreto-Lei n.\u00ba 28\/2019, de 15 de fevereiro.<\/p>\n<p style=\"text-align: justify;\">A Nominaurea \u00e9 uma empresa que tem uma equipa de <b>Contabilistas Certificados<\/b> habilitados para promover o cumprimento de todas as declara\u00e7\u00f5es de gest\u00e3o e fiscais no sentido de preparar toda a tramita\u00e7\u00e3o necess\u00e1ria para um r\u00e1pido enquadramento das empresas \u00e0s altera\u00e7\u00f5es contabil\u00edsticas resultantes da nova legisla\u00e7\u00e3o cujo prazo foi agora prorrogado at\u00e9 1 de Janeiro de 2020.<\/p>\n<p style=\"text-align: justify;\">Deste modo, as obriga\u00e7\u00f5es fiscais previstas no Decreto-Lei n.\u00ba 28\/2019, de 15 de fevereiro, que impunham a utiliza\u00e7\u00e3o exclusiva e obrigat\u00f3ria de programas de fatura\u00e7\u00e3o previamente certificados pela AT, bem como \u00e0 obriga\u00e7\u00e3o de assegurar os requisitos gerais dos programas inform\u00e1ticos de fatura\u00e7\u00e3o e contabilidade, podem agora ser cumpridas at\u00e9 1 de janeiro de 2020, sem qualquer penalidade para os contribuintes.<\/p>\n<p style=\"text-align: justify;\">Ainda assim, as obriga\u00e7\u00f5es de comunica\u00e7\u00e3o da informa\u00e7\u00e3o relativa aos estabelecimentos, previstas no artigo 34.\u00ba do mesmo Decreto-Lei, dever\u00e3o ser cumpridas at\u00e9 31 de outubro de 2019, ou nos 30 dias posteriores ao in\u00edcio da atividade, se este ocorrer depois de dia 30 de setembro de 2019.<\/p>\n<p style=\"text-align: justify;\">A Nominaurea presta servi\u00e7os de contabilidade em Lisboa e estamos dispon\u00edveis para quaisquer esclarecimentos que tenham por convenientes.<\/p>\n<p>&nbsp;<\/p>\n","protected":false},"excerpt":{"rendered":"<p>Flash Not\u00edcias NA 5\/2019 Prorroga\u00e7\u00e3o do prazo para o cumprimento de obriga\u00e7\u00f5es | IVA Tendo sido publicado o Despacho n.\u00ba 245\/2019-XXI, de 27 de junho, foi prorrogado o prazo para o cumprimento das obriga\u00e7\u00f5es decorrentes do Decreto-Lei n.\u00ba 28\/2019, de 15 de fevereiro. A Nominaurea \u00e9 uma empresa que tem uma equipa de Contabilistas Certificados [&hellip;]<\/p>\n","protected":false},"author":2,"featured_media":0,"comment_status":"closed","ping_status":"open","sticky":false,"template":"","format":"standard","meta":{"footnotes":""},"categories":[1],"tags":[],"class_list":["post-2754","post","type-post","status-publish","format-standard","hentry","category-publications"],"_links":{"self":[{"href":"https:\/\/www.nominaurea.pt\/en\/wp-json\/wp\/v2\/posts\/2754","targetHints":{"allow":["GET"]}}],"collection":[{"href":"https:\/\/www.nominaurea.pt\/en\/wp-json\/wp\/v2\/posts"}],"about":[{"href":"https:\/\/www.nominaurea.pt\/en\/wp-json\/wp\/v2\/types\/post"}],"author":[{"embeddable":true,"href":"https:\/\/www.nominaurea.pt\/en\/wp-json\/wp\/v2\/users\/2"}],"replies":[{"embeddable":true,"href":"https:\/\/www.nominaurea.pt\/en\/wp-json\/wp\/v2\/comments?post=2754"}],"version-history":[{"count":1,"href":"https:\/\/www.nominaurea.pt\/en\/wp-json\/wp\/v2\/posts\/2754\/revisions"}],"predecessor-version":[{"id":2771,"href":"https:\/\/www.nominaurea.pt\/en\/wp-json\/wp\/v2\/posts\/2754\/revisions\/2771"}],"wp:attachment":[{"href":"https:\/\/www.nominaurea.pt\/en\/wp-json\/wp\/v2\/media?parent=2754"}],"wp:term":[{"taxonomy":"category","embeddable":true,"href":"https:\/\/www.nominaurea.pt\/en\/wp-json\/wp\/v2\/categories?post=2754"},{"taxonomy":"post_tag","embeddable":true,"href":"https:\/\/www.nominaurea.pt\/en\/wp-json\/wp\/v2\/tags?post=2754"}],"curies":[{"name":"wp","href":"https:\/\/api.w.org\/{rel}","templated":true}]}}