{"id":2752,"date":"2019-09-10T00:00:00","date_gmt":"2019-09-10T00:00:00","guid":{"rendered":"https:\/\/www.nominaurea.pt\/noticias\/obrigatoriedade-de-utilizacao-de-programas-de-faturacao-certificados-para-sujeitos-passivos-nao-estabelecidos-mas-registados-para-efeitos-de-iva-em-portugal-a-partir-de-01-de-janeiro-de-2021\/"},"modified":"2025-10-22T08:26:56","modified_gmt":"2025-10-22T08:26:56","slug":"obrigatoriedade-de-utilizacao-de-programas-de-faturacao-certificados-para-sujeitos-passivos-nao-estabelecidos-mas-registados-para-efeitos-de-iva-em-portugal-a-partir-de-01-de-janeiro-de-2021","status":"publish","type":"post","link":"https:\/\/www.nominaurea.pt\/en\/noticias\/obrigatoriedade-de-utilizacao-de-programas-de-faturacao-certificados-para-sujeitos-passivos-nao-estabelecidos-mas-registados-para-efeitos-de-iva-em-portugal-a-partir-de-01-de-janeiro-de-2021\/","title":{"rendered":"Obrigatoriedade de utiliza\u00e7\u00e3o de programas de fatura\u00e7\u00e3o certificados para sujeitos passivos, n\u00e3o estabelecidos mas registados para efeitos de IVA, em Portugal a partir de 01 de Janeiro de 2021"},"content":{"rendered":"<h5 class=\"bto-encabezamiento\">Flash Not\u00edcias NA 6\/2019<\/h5>\n<h5>Obrigatoriedade de utiliza\u00e7\u00e3o de programas de fatura\u00e7\u00e3o certificados para sujeitos passivos, n\u00e3o estabelecidos mas registados para efeitos de IVA, em Portugal a partir de 01 de Janeiro de 2021<\/h5>\n<p style=\"text-align: justify;\">At\u00e9 aqui os sujeitos passivos, n\u00e3o estabelecidos mas registados para efeitos de IVA, em Portugal estavam dispensados de utilizar programas certificados de fatura\u00e7\u00e3o.<\/p>\n<p style=\"text-align: justify;\">Agora, o Decreto-Lei n.\u00ba 28\/2019 de 15 de Fevereiro, nomeadamente no artigo 4.\u00ba, vem estabelecer que os sujeitos passivos com sede, estabelecimento est\u00e1vel ou domicilio em territ\u00f3rio nacional e outros sujeitos passivos cuja obriga\u00e7\u00e3o de emiss\u00e3o de fatura se encontre sujeita \u00e0s regras estabelecidas na legisla\u00e7\u00e3o interna nos termos do artigo 35.\u00ba &#8211; A do C\u00f3digo do IVA, est\u00e3o obrigados a utilizar, exclusivamente, programas inform\u00e1ticos que estejam certificados pela Autoridade Tribut\u00e1ria.<\/p>\n<p style=\"text-align: justify;\">Foi ainda publicada recentemente uma informa\u00e7\u00e3o vinculativa sobre este tema: \u201c<em>O Despacho n.\u00ba 349\/2019-XXI, de 29 de julho de 2019, do Secret\u00e1rio de Estado dos Assuntos Fiscais, dado na informa\u00e7\u00e3o 1608, de 23 de julho de 2019, da Dire\u00e7\u00e3o de Servi\u00e7os do IVA, veio determinar que a obriga\u00e7\u00e3o prevista no artigo 4.\u00ba do Decreto-lei n.\u00ba 28\/2019, de 15 de fevereiro, s\u00f3 ser\u00e1 aplic\u00e1vel aos sujeitos passivos n\u00e3o estabelecidos, registados para efeitos de IVA no territ\u00f3rio nacional, a partir de 1 de janeiro de 2021 (data da entrada em vigor do artigo 2.\u00ba da Diretiva 2017\/2455, de 5 de dezembro, sobre o com\u00e9rcio eletr\u00f3nico)<\/em>\u201d.<\/p>\n<p style=\"text-align: justify;\">A Nominaurea presta <strong>servi\u00e7os de contabilidade em Lisboa e no Porto<\/strong>, estamos dispon\u00edveis para quaisquer esclarecimentos que tenham por convenientes sobre esta tem\u00e1tica, em caso de d\u00favida n\u00e3o hesite em contactar-nos!<\/p>\n<p>&nbsp;<\/p>\n","protected":false},"excerpt":{"rendered":"<p>Flash Not\u00edcias NA 6\/2019 Obrigatoriedade de utiliza\u00e7\u00e3o de programas de fatura\u00e7\u00e3o certificados para sujeitos passivos, n\u00e3o estabelecidos mas registados para efeitos de IVA, em Portugal a partir de 01 de Janeiro de 2021 At\u00e9 aqui os sujeitos passivos, n\u00e3o estabelecidos mas registados para efeitos de IVA, em Portugal estavam dispensados de utilizar programas certificados de [&hellip;]<\/p>\n","protected":false},"author":2,"featured_media":0,"comment_status":"closed","ping_status":"open","sticky":false,"template":"","format":"standard","meta":{"footnotes":""},"categories":[1],"tags":[],"class_list":["post-2752","post","type-post","status-publish","format-standard","hentry","category-publications"],"_links":{"self":[{"href":"https:\/\/www.nominaurea.pt\/en\/wp-json\/wp\/v2\/posts\/2752","targetHints":{"allow":["GET"]}}],"collection":[{"href":"https:\/\/www.nominaurea.pt\/en\/wp-json\/wp\/v2\/posts"}],"about":[{"href":"https:\/\/www.nominaurea.pt\/en\/wp-json\/wp\/v2\/types\/post"}],"author":[{"embeddable":true,"href":"https:\/\/www.nominaurea.pt\/en\/wp-json\/wp\/v2\/users\/2"}],"replies":[{"embeddable":true,"href":"https:\/\/www.nominaurea.pt\/en\/wp-json\/wp\/v2\/comments?post=2752"}],"version-history":[{"count":1,"href":"https:\/\/www.nominaurea.pt\/en\/wp-json\/wp\/v2\/posts\/2752\/revisions"}],"predecessor-version":[{"id":2768,"href":"https:\/\/www.nominaurea.pt\/en\/wp-json\/wp\/v2\/posts\/2752\/revisions\/2768"}],"wp:attachment":[{"href":"https:\/\/www.nominaurea.pt\/en\/wp-json\/wp\/v2\/media?parent=2752"}],"wp:term":[{"taxonomy":"category","embeddable":true,"href":"https:\/\/www.nominaurea.pt\/en\/wp-json\/wp\/v2\/categories?post=2752"},{"taxonomy":"post_tag","embeddable":true,"href":"https:\/\/www.nominaurea.pt\/en\/wp-json\/wp\/v2\/tags?post=2752"}],"curies":[{"name":"wp","href":"https:\/\/api.w.org\/{rel}","templated":true}]}}