{"id":2744,"date":"2019-10-04T17:00:00","date_gmt":"2019-10-04T17:00:00","guid":{"rendered":"https:\/\/www.nominaurea.pt\/noticias\/alteracao-de-data-de-envio-do-ficheiro-saf-t\/"},"modified":"2025-10-22T08:24:31","modified_gmt":"2025-10-22T08:24:31","slug":"alteracao-de-data-de-envio-do-ficheiro-saf-t","status":"publish","type":"post","link":"https:\/\/www.nominaurea.pt\/en\/noticias\/alteracao-de-data-de-envio-do-ficheiro-saf-t\/","title":{"rendered":"Altera\u00e7\u00e3o de data de envio do ficheiro SAF-T"},"content":{"rendered":"<h5 class=\"bto-encabezamiento\">Flash Not\u00edcias NA 10\/2019<\/h5>\n<h5>Altera\u00e7\u00e3o de data de envio do ficheiro SAF-T<\/h5>\n<p style=\"text-align: justify;\">O SAF-T referente a setembro dever\u00e1 ser obrigatoriamente comunicado \u00e0 Autoridade Tribut\u00e1ria at\u00e9 ao dia 12 de outubro de 2019.<\/p>\n<p style=\"text-align: justify;\">Embora a informa\u00e7\u00e3o sobre este tema seja escassa, foi publicada a lei n.\u00ba 119\/2019 que introduz a altera\u00e7\u00e3o da data limite para o envio do <b>ficheiro SAF-T<\/b> para o dia 12 de cada m\u00eas.<\/p>\n<p style=\"text-align: justify;\">Assim, o SAF-T referente a setembro dever\u00e1 ser obrigatoriamente comunicado \u00e0 Autoridade Tribut\u00e1ria at\u00e9 ao dia 12 de outubro de 2019.<\/p>\n<p style=\"text-align: justify;\">A Nominaurea tem uma equipa de &lt;b que prestam servi\u00e7os no sentido de promover o cumprimento de todas as declara\u00e7\u00f5es fiscais, de modo a preparar um r\u00e1pido ajustamento das empresas \u00e0 altera\u00e7\u00e3o do prazo de apresenta\u00e7\u00e3o do ficheiro SAF-T da fatura\u00e7\u00e3o por forma a evitar multas e contratempos indesejados no cumprimento desta obriga\u00e7\u00e3o.<\/p>\n<p style=\"text-align: justify;\">A Nominaurea presta <b>servi\u00e7os de contabilidade<\/b> em Lisboa e estamos dispon\u00edveis para quaisquer esclarecimentos que tenham por convenientes.<\/p>\n","protected":false},"excerpt":{"rendered":"<p>Flash Not\u00edcias NA 10\/2019 Altera\u00e7\u00e3o de data de envio do ficheiro SAF-T O SAF-T referente a setembro dever\u00e1 ser obrigatoriamente comunicado \u00e0 Autoridade Tribut\u00e1ria at\u00e9 ao dia 12 de outubro de 2019. Embora a informa\u00e7\u00e3o sobre este tema seja escassa, foi publicada a lei n.\u00ba 119\/2019 que introduz a altera\u00e7\u00e3o da data limite para o [&hellip;]<\/p>\n","protected":false},"author":2,"featured_media":0,"comment_status":"closed","ping_status":"open","sticky":false,"template":"","format":"standard","meta":{"footnotes":""},"categories":[1],"tags":[],"class_list":["post-2744","post","type-post","status-publish","format-standard","hentry","category-publications"],"_links":{"self":[{"href":"https:\/\/www.nominaurea.pt\/en\/wp-json\/wp\/v2\/posts\/2744","targetHints":{"allow":["GET"]}}],"collection":[{"href":"https:\/\/www.nominaurea.pt\/en\/wp-json\/wp\/v2\/posts"}],"about":[{"href":"https:\/\/www.nominaurea.pt\/en\/wp-json\/wp\/v2\/types\/post"}],"author":[{"embeddable":true,"href":"https:\/\/www.nominaurea.pt\/en\/wp-json\/wp\/v2\/users\/2"}],"replies":[{"embeddable":true,"href":"https:\/\/www.nominaurea.pt\/en\/wp-json\/wp\/v2\/comments?post=2744"}],"version-history":[{"count":1,"href":"https:\/\/www.nominaurea.pt\/en\/wp-json\/wp\/v2\/posts\/2744\/revisions"}],"predecessor-version":[{"id":2756,"href":"https:\/\/www.nominaurea.pt\/en\/wp-json\/wp\/v2\/posts\/2744\/revisions\/2756"}],"wp:attachment":[{"href":"https:\/\/www.nominaurea.pt\/en\/wp-json\/wp\/v2\/media?parent=2744"}],"wp:term":[{"taxonomy":"category","embeddable":true,"href":"https:\/\/www.nominaurea.pt\/en\/wp-json\/wp\/v2\/categories?post=2744"},{"taxonomy":"post_tag","embeddable":true,"href":"https:\/\/www.nominaurea.pt\/en\/wp-json\/wp\/v2\/tags?post=2744"}],"curies":[{"name":"wp","href":"https:\/\/api.w.org\/{rel}","templated":true}]}}