{"id":2715,"date":"2019-11-28T00:00:00","date_gmt":"2019-11-28T00:00:00","guid":{"rendered":"https:\/\/www.nominaurea.pt\/noticias\/iva-autoliquidacao-nas-operacoes-internas\/"},"modified":"2025-10-22T08:14:55","modified_gmt":"2025-10-22T08:14:55","slug":"iva-autoliquidacao-nas-operacoes-internas","status":"publish","type":"post","link":"https:\/\/www.nominaurea.pt\/en\/noticias\/iva-autoliquidacao-nas-operacoes-internas\/","title":{"rendered":"IVA \u2013 autoliquida\u00e7\u00e3o nas opera\u00e7\u00f5es internas"},"content":{"rendered":"<h5 class=\"bto-encabezamiento\">Flash Not\u00edcias NA 13\/2019<\/h5>\n<h5>IVA \u2013 autoliquida\u00e7\u00e3o nas opera\u00e7\u00f5es internas<\/h5>\n<p style=\"text-align: justify;\">A Nominaurea, vem este m\u00eas debru\u00e7ar-se sobre um recente entendimento emitido atrav\u00e9s de uma informa\u00e7\u00e3o vinculativa dos servi\u00e7os de IVA da Autoridade Tribut\u00e1ria sobre Autoliquida\u00e7\u00e3o de IVA nas opera\u00e7\u00f5es internas.<\/p>\n<p style=\"text-align: justify;\">Segundo este entendimento o adquirente passa a ser considerado como devedor do imposto nas opera\u00e7\u00f5es internas entre sujeitos passivos de impostos (opera\u00e7\u00f5es B2B).<\/p>\n<p style=\"text-align: justify;\">Este entendimento aplica-se a transmiss\u00f5es de bens e presta\u00e7\u00f5es de servi\u00e7os, tribut\u00e1veis em territ\u00f3rio nacional, efetuadas por um sujeito passivo n\u00e3o residente, sem estabelecimento est\u00e1vel e sem representante fiscal, por\u00e9m com registo de IVA em Portugal, em que o adquirente \u00e9 um sujeito passivo do imposto em Portugal.<\/p>\n<p style=\"text-align: justify;\">A novidade introduzida pelo presente entendimento da AT \u00e9 que neste tipo de opera\u00e7\u00f5es passa a aplicar-se a invers\u00e3o do sujeito passivo \u2013 \u201creverse charge\u201d.<\/p>\n<p style=\"text-align: justify;\">Para melhor entendermos as altera\u00e7\u00f5es introduzidas, apresentamos abaixo um quadro resumo:<\/p>\n<table style=\"width: 90%; margin-left: auto; margin-right: auto; border: 1px solid #44474D;\">\n<tbody>\n<tr>\n<td rowspan=\"2\"><strong>Transmiss\u00e3o de Bens localizados em Portugal<\/strong><\/td>\n<td colspan=\"5\">\n<p style=\"text-align: center;\"><strong>Fornecedor -SP n\u00e3o estabelecido em PT, sem representante fiscal, com registo IVA (PT980XXXXXX)<\/strong><\/p>\n<\/td>\n<\/tr>\n<tr>\n<td>Estado Membro onde ocorre a tributa\u00e7\u00e3o<\/td>\n<td>Reverse charge (Autoliquida\u00e7\u00e3o de IVA)<\/td>\n<td>Obriga\u00e7\u00e3o de Liquida\u00e7\u00e3o do imposto<\/td>\n<td>Emiss\u00e3o de fatura<\/td>\n<td>regras de fatura\u00e7\u00e3o<\/td>\n<\/tr>\n<tr>\n<td><strong>Adquirente n\u00e3o Sujeito Passivo<\/strong><\/td>\n<td>Portugal<\/td>\n<td>N\u00e3o se aplica a RC<\/td>\n<td>Fornecedor 980XXXXXX<\/td>\n<td>Fornecedor 980XXXXXX<\/td>\n<td>Nacionais<\/td>\n<\/tr>\n<tr>\n<td rowspan=\"2\"><strong>Adquirente Sujeito Passivo<\/strong><\/td>\n<td rowspan=\"2\">Portugal<\/td>\n<td rowspan=\"2\">Aplica-se a RC<\/td>\n<td rowspan=\"2\">Adquirente SP Nacional<\/td>\n<td>Fornecedor Estado Membro EU<\/td>\n<td>Estado membro<\/td>\n<\/tr>\n<tr>\n<td>Com acordo de autofactura\u00e7\u00e3o<\/td>\n<td>Nacionais<\/td>\n<\/tr>\n<\/tbody>\n<\/table>\n<hr \/>\n<table style=\"width: 90%; margin-left: auto; margin-right: auto; border: 1px solid #44474D;\">\n<tbody>\n<tr>\n<td rowspan=\"2\"><strong>Transmiss\u00e3o de Bens localizados em Portugal<\/strong><\/td>\n<td colspan=\"5\">\n<p style=\"text-align: justify;\"><strong>Fornecedor -SP n\u00e3o estabelecido em PT, com representante fiscal, com registo IVA (PT980XXXXXX)<\/strong><\/p>\n<\/td>\n<\/tr>\n<tr>\n<td>Estado Membro onde ocorre a tributa\u00e7\u00e3o<\/td>\n<td>Reverse charge (Autoliquida\u00e7\u00e3o de IVA)<\/td>\n<td>Obriga\u00e7\u00e3o de Liquida\u00e7\u00e3o do imposto<\/td>\n<td>Emiss\u00e3o de fatura<\/td>\n<td>regras de fatura\u00e7\u00e3o<\/td>\n<\/tr>\n<tr>\n<td><strong>Adquirente n\u00e3o Sujeito Passivo<\/strong><\/td>\n<td rowspan=\"3\">Portugal<\/td>\n<td rowspan=\"3\">N\u00e3o se aplica a RC<\/td>\n<td rowspan=\"3\">Fornecedor 980XXXXXX<\/td>\n<td rowspan=\"3\">Fornecedor 980XXXXXX<\/td>\n<td rowspan=\"3\">Nacionais<\/td>\n<\/tr>\n<tr>\n<td style=\"border-right: 1px solid #44474D;\"><strong>Adquirente Sujeito Passivo<\/strong><\/td>\n<\/tr>\n<\/tbody>\n<\/table>\n<p style=\"text-align: justify;\">Por forma a acompanhar e a esclarecer todas as quest\u00f5es relacionadas com a autoliquida\u00e7\u00e3o de IVA nas opera\u00e7\u00f5es internas, dispomos de uma equipa de Contabilistas Certificados que o podem ajudar.<\/p>\n","protected":false},"excerpt":{"rendered":"<p>Flash Not\u00edcias NA 13\/2019 IVA \u2013 autoliquida\u00e7\u00e3o nas opera\u00e7\u00f5es internas A Nominaurea, vem este m\u00eas debru\u00e7ar-se sobre um recente entendimento emitido atrav\u00e9s de uma informa\u00e7\u00e3o vinculativa dos servi\u00e7os de IVA da Autoridade Tribut\u00e1ria sobre Autoliquida\u00e7\u00e3o de IVA nas opera\u00e7\u00f5es internas. Segundo este entendimento o adquirente passa a ser considerado como devedor do imposto nas opera\u00e7\u00f5es [&hellip;]<\/p>\n","protected":false},"author":2,"featured_media":0,"comment_status":"closed","ping_status":"open","sticky":false,"template":"","format":"standard","meta":{"footnotes":""},"categories":[1],"tags":[],"class_list":["post-2715","post","type-post","status-publish","format-standard","hentry","category-publications"],"_links":{"self":[{"href":"https:\/\/www.nominaurea.pt\/en\/wp-json\/wp\/v2\/posts\/2715","targetHints":{"allow":["GET"]}}],"collection":[{"href":"https:\/\/www.nominaurea.pt\/en\/wp-json\/wp\/v2\/posts"}],"about":[{"href":"https:\/\/www.nominaurea.pt\/en\/wp-json\/wp\/v2\/types\/post"}],"author":[{"embeddable":true,"href":"https:\/\/www.nominaurea.pt\/en\/wp-json\/wp\/v2\/users\/2"}],"replies":[{"embeddable":true,"href":"https:\/\/www.nominaurea.pt\/en\/wp-json\/wp\/v2\/comments?post=2715"}],"version-history":[{"count":1,"href":"https:\/\/www.nominaurea.pt\/en\/wp-json\/wp\/v2\/posts\/2715\/revisions"}],"predecessor-version":[{"id":2739,"href":"https:\/\/www.nominaurea.pt\/en\/wp-json\/wp\/v2\/posts\/2715\/revisions\/2739"}],"wp:attachment":[{"href":"https:\/\/www.nominaurea.pt\/en\/wp-json\/wp\/v2\/media?parent=2715"}],"wp:term":[{"taxonomy":"category","embeddable":true,"href":"https:\/\/www.nominaurea.pt\/en\/wp-json\/wp\/v2\/categories?post=2715"},{"taxonomy":"post_tag","embeddable":true,"href":"https:\/\/www.nominaurea.pt\/en\/wp-json\/wp\/v2\/tags?post=2715"}],"curies":[{"name":"wp","href":"https:\/\/api.w.org\/{rel}","templated":true}]}}