{"id":2711,"date":"2020-01-24T00:00:00","date_gmt":"2020-01-24T00:00:00","guid":{"rendered":"https:\/\/www.nominaurea.pt\/noticias\/irs-modelo-3-2019\/"},"modified":"2025-10-22T08:14:42","modified_gmt":"2025-10-22T08:14:42","slug":"irs-modelo-3-2019","status":"publish","type":"post","link":"https:\/\/www.nominaurea.pt\/en\/noticias\/irs-modelo-3-2019\/","title":{"rendered":"IRS \u2013 Modelo 3 2019"},"content":{"rendered":"<h5 class=\"bto-encabezamiento\">Flash Not\u00edcias NA 01\/2020<\/h5>\n<h5>IRS \u2013 Modelo 3 2019<\/h5>\n<p style=\"text-align: justify;\">Este m\u00eas a Nominaurea, aborda a quest\u00e3o dos prazos para a prepara\u00e7\u00e3o e apresenta\u00e7\u00e3o do modelo 3 de IRS de 2019.<\/p>\n<p style=\"text-align: justify;\">No Portal das Finan\u00e7as podemos consultar todas as datas para entrega da declara\u00e7\u00e3o do IRS em 2020, referente aos rendimentos de 2019.\u00c9 j\u00e1 a partir do pr\u00f3ximo m\u00eas de fevereiro que deve estar atento a estes prazos para n\u00e3o perder nenhum direito, nem ter de pagar coimas.<\/p>\n<p style=\"text-align: justify;\">Assim, este ano dever\u00e1 ter presente as seguintes datas:<\/p>\n<p style=\"text-align: justify;\"><span style=\"text-decoration: underline;\"><strong>Fevereiro de 2020<\/strong><\/span><\/p>\n<p style=\"text-align: justify;\">No m\u00eas de fevereiro existem dois prazos a reter:<\/p>\n<p style=\"text-align: justify;\"><span style=\"text-decoration: underline;\">At\u00e9 ao dia 17<\/span><\/p>\n<p style=\"text-align: justify;\">Esta \u00e9 a data-limite para comunicar o agregado familiar por transmiss\u00e3o eletr\u00f3nica. Se a sua situa\u00e7\u00e3o familiar ou pessoal se alterou (nascimento de filhos, casamento, div\u00f3rcio, morte do c\u00f4njuge, mudan\u00e7a de resid\u00eancia permanente, filhos em guarda-conjunta, ou filhos que deixaram de ser considerados dependentes) deve comunic\u00e1-las \u00e0 AT, no Portal das Finan\u00e7as.<\/p>\n<p style=\"text-align: justify;\">Caso n\u00e3o proceda \u00e0 referida atualiza\u00e7\u00e3o, s\u00e3o consideradas as informa\u00e7\u00f5es familiares e pessoais apresentadas na \u00faltima entrega do IRS.<\/p>\n<p style=\"text-align: justify;\">Se n\u00e3o houve qualquer altera\u00e7\u00e3o na sua situa\u00e7\u00e3o familiar ou pessoal desde a entrega do \u00faltimo IRS, basta verificar se os seus dados no Portal das Finan\u00e7as est\u00e3o corretos.<\/p>\n<p style=\"text-align: justify;\"><span style=\"text-decoration: underline;\">At\u00e9 ao dia 25<\/span><\/p>\n<p style=\"text-align: justify;\">O dia 25 de fevereiro \u00e9 a data-limite para que possa verificar todas as faturas de despesas na sua p\u00e1gina pessoal do e-fatura, no Portal das Finan\u00e7as. Se tiver filhos, deve, igualmente, verificar as despesas destes.<\/p>\n<p style=\"text-align: justify;\">Para os trabalhadores independentes que est\u00e3o abrangidos pelo regime simplificado, esta \u00e9 tamb\u00e9m a data-limite para proceder \u00e0 justifica\u00e7\u00e3o de despesas, uma rotina inaugurada em 2019. O dia 25 de fevereiro ser\u00e1 o \u00faltimo dia para indicar, no e-fatura se as despesas apresentadas s\u00e3o pessoais, profissionais ou mistas.<\/p>\n<p style=\"text-align: justify;\"><span style=\"text-decoration: underline;\"><strong>Mar\u00e7o de 2020<\/strong><\/span><\/p>\n<p style=\"text-align: justify;\">Mar\u00e7o tamb\u00e9m traz uma altera\u00e7\u00e3o aos procedimentos do IRS e mais dois prazos importantes:<\/p>\n<p style=\"text-align: justify;\"><span style=\"text-decoration: underline;\">At\u00e9 ao dia 15<\/span><\/p>\n<p style=\"text-align: justify;\">At\u00e9 esta data ser\u00e3o disponibilizados, no Portal das Fian\u00e7as, os montantes das dedu\u00e7\u00f5es \u00e0 coleta das despesas comprovadas por fatura e outros documentos.<\/p>\n<p style=\"text-align: justify;\">Esta informa\u00e7\u00e3o vai ficar vis\u00edvel numa nova p\u00e1gina pessoal do Portal das Finan\u00e7as, diferente da do e-fatura. Para al\u00e9m das despesas com fatura, vai conseguir consultar nesta p\u00e1gina outros gastos dedut\u00edveis no IRS que efetuou em entidades dispensadas de passar fatura. \u00c9 esse o caso dos juros do cr\u00e9dito \u00e0 habita\u00e7\u00e3o, das rendas da casa, das taxas moderadoras e das propinas de estabelecimentos de ensino p\u00fablico.<\/p>\n<p style=\"text-align: justify;\"><span style=\"text-decoration: underline;\">At\u00e9 ao dia 31<\/span><\/p>\n<p style=\"text-align: justify;\">Entre 15 e 31 de mar\u00e7o dever\u00e1, em caso de discord\u00e2ncia relativa \u00e0s despesas gerais e familiares e aos benef\u00edcios pela exig\u00eancia de fatura apurados pela AT, recorrer a uma reclama\u00e7\u00e3o junto desta entidade.<\/p>\n<p style=\"text-align: justify;\">Em rela\u00e7\u00e3o \u00e0s dedu\u00e7\u00f5es \u00e0 coleta de sa\u00fade, educa\u00e7\u00e3o, im\u00f3veis e lares n\u00e3o \u00e9 poss\u00edvel reclamar nesta fase. Isto, porque existe a possibilidade de alterar esses valores no momento da entrega do IRS, mas apenas na declara\u00e7\u00e3o Modelo 3. No IRS autom\u00e1tico n\u00e3o \u00e9 poss\u00edvel efetuar qualquer altera\u00e7\u00e3o.<\/p>\n<p style=\"text-align: justify;\">Tal como em 2019, \u00e9 tamb\u00e9m neste per\u00edodo que, se assim o entender, deve escolher a entidade a quem pretende consignar o IRS ou o IVA (ou ambos). Esta op\u00e7\u00e3o tem uma \u00e1rea dedicada, com liga\u00e7\u00e3o direta, ao entrar no Portal das Finan\u00e7as.<\/p>\n<p style=\"text-align: justify;\"><span style=\"text-decoration: underline;\"><strong>Entre abril e junho de 2020<\/strong><\/span><\/p>\n<p style=\"text-align: justify;\">A entrega do IRS de 2020, referente aos rendimentos auferidos em 2019, decorre de 1 de abril a 30 de junho, independentemente da categoria dos rendimentos. Por norma, os contabilistas n\u00e3o aconselham a entrega nos primeiros 15 dias, uma vez que o sistema muda todos os anos e as altera\u00e7\u00f5es s\u00e3o testadas em ambiente real, nos primeiros dias.<\/p>\n<p style=\"text-align: justify;\">Se entregar o IRS em abril ou maio e tiver direito a receber reembolso, deve ter o dinheiro \u00e0 sua disposi\u00e7\u00e3o at\u00e9 ao final de junho.<\/p>\n<p style=\"text-align: justify;\"><span style=\"text-decoration: underline;\"><strong>Julho 2020<\/strong><\/span><\/p>\n<p style=\"text-align: justify;\"><span style=\"text-decoration: underline;\">At\u00e9 ao dia 31<\/span><\/p>\n<p style=\"text-align: justify;\">A AT tem de enviar a nota de liquida\u00e7\u00e3o do IRS at\u00e9 ao \u00faltimo dia do m\u00eas de julho. Mas para isso \u00e9 necess\u00e1rio que o IRS seja entregue dentro do prazo legal. \u00c9 nesse documento que a AT mostra como calculou o imposto.<\/p>\n<p style=\"text-align: justify;\">Este \u00e9 tamb\u00e9m o prazo limite para receber o reembolso.<\/p>\n<p style=\"text-align: justify;\"><span style=\"text-decoration: underline;\"><strong>Agosto 2020<\/strong><\/span><\/p>\n<p style=\"text-align: justify;\"><span style=\"text-decoration: underline;\">At\u00e9 ao dia 31<\/span><\/p>\n<p style=\"text-align: justify;\">Este m\u00eas marca o per\u00edodo para pagar ao Estado, no caso dos contribuintes que n\u00e3o possuem direito a reembolso de IRS. O prazo para o pagamento deste imposto termina a 31 de agosto.<\/p>\n<p style=\"text-align: justify;\">A Nominaurea presta servi\u00e7os de contabilidade em Lisboa e no Porto e estamos dispon\u00edveis para todos os esclarecimentos que tenham por convenientes no momento de proceder \u00e0 entrega do seu modelo 3 de IRS \u00e0 Autoridade Tribut\u00e1ria.<\/p>\n","protected":false},"excerpt":{"rendered":"<p>Flash Not\u00edcias NA 01\/2020 IRS \u2013 Modelo 3 2019 Este m\u00eas a Nominaurea, aborda a quest\u00e3o dos prazos para a prepara\u00e7\u00e3o e apresenta\u00e7\u00e3o do modelo 3 de IRS de 2019. No Portal das Finan\u00e7as podemos consultar todas as datas para entrega da declara\u00e7\u00e3o do IRS em 2020, referente aos rendimentos de 2019.\u00c9 j\u00e1 a partir [&hellip;]<\/p>\n","protected":false},"author":2,"featured_media":0,"comment_status":"closed","ping_status":"open","sticky":false,"template":"","format":"standard","meta":{"footnotes":""},"categories":[1],"tags":[],"class_list":["post-2711","post","type-post","status-publish","format-standard","hentry","category-publications"],"_links":{"self":[{"href":"https:\/\/www.nominaurea.pt\/en\/wp-json\/wp\/v2\/posts\/2711","targetHints":{"allow":["GET"]}}],"collection":[{"href":"https:\/\/www.nominaurea.pt\/en\/wp-json\/wp\/v2\/posts"}],"about":[{"href":"https:\/\/www.nominaurea.pt\/en\/wp-json\/wp\/v2\/types\/post"}],"author":[{"embeddable":true,"href":"https:\/\/www.nominaurea.pt\/en\/wp-json\/wp\/v2\/users\/2"}],"replies":[{"embeddable":true,"href":"https:\/\/www.nominaurea.pt\/en\/wp-json\/wp\/v2\/comments?post=2711"}],"version-history":[{"count":1,"href":"https:\/\/www.nominaurea.pt\/en\/wp-json\/wp\/v2\/posts\/2711\/revisions"}],"predecessor-version":[{"id":2737,"href":"https:\/\/www.nominaurea.pt\/en\/wp-json\/wp\/v2\/posts\/2711\/revisions\/2737"}],"wp:attachment":[{"href":"https:\/\/www.nominaurea.pt\/en\/wp-json\/wp\/v2\/media?parent=2711"}],"wp:term":[{"taxonomy":"category","embeddable":true,"href":"https:\/\/www.nominaurea.pt\/en\/wp-json\/wp\/v2\/categories?post=2711"},{"taxonomy":"post_tag","embeddable":true,"href":"https:\/\/www.nominaurea.pt\/en\/wp-json\/wp\/v2\/tags?post=2711"}],"curies":[{"name":"wp","href":"https:\/\/api.w.org\/{rel}","templated":true}]}}