{"id":2686,"date":"2020-03-23T11:00:00","date_gmt":"2020-03-23T11:00:00","guid":{"rendered":"https:\/\/www.nominaurea.pt\/noticias\/medidas-de-apoio-excecional-iefp\/"},"modified":"2025-10-22T07:47:49","modified_gmt":"2025-10-22T07:47:49","slug":"medidas-de-apoio-excecional-iefp","status":"publish","type":"post","link":"https:\/\/www.nominaurea.pt\/en\/noticias\/medidas-de-apoio-excecional-iefp\/","title":{"rendered":"Medidas de apoio excecional IEFP"},"content":{"rendered":"<h5 class=\"bto-encabezamiento\">Flash Not\u00edcias NA 06\/2020 &#8211; COVID-19<\/h5>\n<h5>Medidas de apoio excecional IEFP<\/h5>\n<p style=\"text-align: justify;\">Devido \u00e0 evolu\u00e7\u00e3o do surto epidemiol\u00f3gico do COVID-19, o Instituto do Emprego e Forma\u00e7\u00e3o Profissional Portugu\u00eas, veio em 22\/03\/2020 informar as medidas de apoio extraordin\u00e1rias que est\u00e3o a implementar para fomentar a manuten\u00e7\u00e3o de postos de trabalho.<\/p>\n<p><img decoding=\"async\" style=\"display: block; margin-left: auto; margin-right: auto;\" src=\"newsletters\/portugues\/2020\/imagen_2.png\" alt=\"Medidas de apoio excecional IEFP\" \/><\/p>\n<p style=\"text-align: justify;\">As medidas implementadas pelo Instituto de Emprego e Forma\u00e7\u00e3o Profissional, foram as seguintes:<\/p>\n<p style=\"text-align: justify;\">Face \u00e0 situa\u00e7\u00e3o pand\u00e9mica do COVID-19, o Governo tem vindo a adotar um conjunto alargado de medidas de apoio \u00e0s empresas e cidad\u00e3os, em que se enquadram as medidas de apoio extraordin\u00e1rio, tempor\u00e1rio e transit\u00f3rio, para manuten\u00e7\u00e3o dos postos de trabalho e mitiga\u00e7\u00e3o de situa\u00e7\u00f5es de crise empresarial, criadas pela <a title=\"Portaria n.\u00ba 71-A\/2020, de 15 de mar\u00e7o\" href=\"https:\/\/dre.pt\/application\/file\/a\/130251740\" target=\"_blank\" rel=\"noopener\"><strong>Portaria n.\u00ba 71-A\/2020, de 15 de mar\u00e7o<\/strong><\/a>, retificada pela <a title=\"Declara\u00e7\u00e3o de Retifica\u00e7\u00e3o n.\u00ba 11-C\/2020, de 16 de mar\u00e7o\" href=\"https:\/\/dre.pt\/application\/file\/a\/130277529\" target=\"_blank\" rel=\"noopener\"><strong>Declara\u00e7\u00e3o de Retifica\u00e7\u00e3o n.\u00ba 11-C\/2020, de 16 de mar\u00e7o<\/strong><\/a>, e alterada pela <a title=\"Portaria n.\u00ba 76-B\/2020, de 18 de mar\u00e7o\" href=\"https:\/\/dre.pt\/application\/file\/a\/130326407\" target=\"_blank\" rel=\"noopener\"><strong>Portaria n.\u00ba 76-B\/2020, de 18 de mar\u00e7o<\/strong><\/a>.<\/p>\n<p style=\"text-align: justify;\">Contamos que muito em breve esteja dispon\u00edvel no site do Instituto de Emprego e Forma\u00e7\u00e3o Profissional Portugu\u00eas <a title=\"www.iefp.pt\" href=\"http:\/\/www.iefp.pt\/\" target=\"_blank\" rel=\"noopener\"><strong>www.iefp.pt<\/strong><\/a> e <a title=\"portal iefponline\" href=\"https:\/\/iefponline.iefp.pt\/IEFP\" target=\"_blank\" rel=\"noopener\"><strong>portal iefponline<\/strong><\/a>, a regulamenta\u00e7\u00e3o das medidas que s\u00e3o da sua responsabilidade direta e a abertura das candidaturas para:<\/p>\n<p style=\"text-align: justify; padding-left: 30px;\">\u2022\u00a0O plano extraordin\u00e1rio de forma\u00e7\u00e3o;<\/p>\n<p style=\"text-align: justify; padding-left: 30px;\">\u2022\u00a0Incentivo financeiro extraordin\u00e1rio para apoio \u00e0 normaliza\u00e7\u00e3o da atividade da empresa.<\/p>\n<p style=\"text-align: justify;\">Pode tamb\u00e9m consultar a se\u00e7\u00e3o de FAQ no site do IEFP e para mais esclarecimentos, utilize a se\u00e7\u00e3o de d\u00favidas <a title=\"COVID-19 no portal do IEFP\" href=\"https:\/\/formularios.iefp.pt\/index.php\/274988?lang=pt\" target=\"_blank\" rel=\"noopener\"><strong>COVID-19 no portal do IEFP<\/strong><\/a>.<\/p>\n<p style=\"text-align: justify;\">Os servi\u00e7os do Instituto de Emprego e Forma\u00e7\u00e3o Profissional Portugu\u00eas continuam a trabalhar para poder dar uma resposta r\u00e1pida \u00e0s suas quest\u00f5es e necessidades, quer relacionadas com as novas medidas quer com toda a atividade de recrutamento e candidaturas \u00e0s medidas de emprego.<\/p>\n<p style=\"text-align: justify;\">Pode, como sempre, contactar o Instituto de Emprego e Forma\u00e7\u00e3o Profissional Portugu\u00eas por email e telefone, utilizando os contactos diretos do servi\u00e7o de emprego com quem costuma articular, ligando para o centro de contacto: 300 010 001 das 8h \u00e0s 20h (dias \u00fateis) ou para a Nominaurea pelos contactos habituais: Telefone + 351 21 053 96 73 e por e-mail <a title=\"geral@nominaurea.pt\" href=\"mailto:geral@nominaurea.pt\" target=\"_blank\" rel=\"noopener\"><strong>geral@nominaurea.pt<\/strong><\/a>.<\/p>\n<p style=\"text-align: justify;\">Conte com a Nominaurea, para que todos juntos possamos ultrapassar, t\u00e3o r\u00e1pido quanto poss\u00edvel, este momento particularmente dif\u00edcil.<\/p>\n","protected":false},"excerpt":{"rendered":"<p>Flash Not\u00edcias NA 06\/2020 &#8211; COVID-19 Medidas de apoio excecional IEFP Devido \u00e0 evolu\u00e7\u00e3o do surto epidemiol\u00f3gico do COVID-19, o Instituto do Emprego e Forma\u00e7\u00e3o Profissional Portugu\u00eas, veio em 22\/03\/2020 informar as medidas de apoio extraordin\u00e1rias que est\u00e3o a implementar para fomentar a manuten\u00e7\u00e3o de postos de trabalho. As medidas implementadas pelo Instituto de Emprego [&hellip;]<\/p>\n","protected":false},"author":2,"featured_media":0,"comment_status":"closed","ping_status":"open","sticky":false,"template":"","format":"standard","meta":{"footnotes":""},"categories":[1],"tags":[],"class_list":["post-2686","post","type-post","status-publish","format-standard","hentry","category-publications"],"_links":{"self":[{"href":"https:\/\/www.nominaurea.pt\/en\/wp-json\/wp\/v2\/posts\/2686","targetHints":{"allow":["GET"]}}],"collection":[{"href":"https:\/\/www.nominaurea.pt\/en\/wp-json\/wp\/v2\/posts"}],"about":[{"href":"https:\/\/www.nominaurea.pt\/en\/wp-json\/wp\/v2\/types\/post"}],"author":[{"embeddable":true,"href":"https:\/\/www.nominaurea.pt\/en\/wp-json\/wp\/v2\/users\/2"}],"replies":[{"embeddable":true,"href":"https:\/\/www.nominaurea.pt\/en\/wp-json\/wp\/v2\/comments?post=2686"}],"version-history":[{"count":1,"href":"https:\/\/www.nominaurea.pt\/en\/wp-json\/wp\/v2\/posts\/2686\/revisions"}],"predecessor-version":[{"id":2705,"href":"https:\/\/www.nominaurea.pt\/en\/wp-json\/wp\/v2\/posts\/2686\/revisions\/2705"}],"wp:attachment":[{"href":"https:\/\/www.nominaurea.pt\/en\/wp-json\/wp\/v2\/media?parent=2686"}],"wp:term":[{"taxonomy":"category","embeddable":true,"href":"https:\/\/www.nominaurea.pt\/en\/wp-json\/wp\/v2\/categories?post=2686"},{"taxonomy":"post_tag","embeddable":true,"href":"https:\/\/www.nominaurea.pt\/en\/wp-json\/wp\/v2\/tags?post=2686"}],"curies":[{"name":"wp","href":"https:\/\/api.w.org\/{rel}","templated":true}]}}