{"id":2682,"date":"2020-03-24T10:00:00","date_gmt":"2020-03-24T10:00:00","guid":{"rendered":"https:\/\/www.nominaurea.pt\/noticias\/linhas-de-credito-para-as-empresas-covid-19\/"},"modified":"2025-10-22T07:47:16","modified_gmt":"2025-10-22T07:47:16","slug":"linhas-de-credito-para-as-empresas-covid-19","status":"publish","type":"post","link":"https:\/\/www.nominaurea.pt\/en\/noticias\/linhas-de-credito-para-as-empresas-covid-19\/","title":{"rendered":"Linhas de cr\u00e9dito para as empresas &#8211; COVID-19"},"content":{"rendered":"<h5 class=\"bto-encabezamiento\">Flash Not\u00edcias NA 08\/2020 &#8211; COVID-19<\/h5>\n<h5>Linhas de cr\u00e9dito para as empresas<\/h5>\n<p style=\"text-align: justify;\">Devido \u00e0 evolu\u00e7\u00e3o do surto epidemiol\u00f3gico do COVID-19, o Governo Portugu\u00eas anunciou um conjunto de linhas de cr\u00e9dito no valor de 3.000 milh\u00f5es de euros destinadas aos setores mais atingidos pela pandemia.<\/p>\n<p style=\"text-align: justify;\">J\u00e1 a linha de cr\u00e9dito de 200 milh\u00f5es de euros destinada \u00e0 economia em geral &#8211; que j\u00e1 tinha sido anunciada na semana passada, ser\u00e1 &#8220;revista e flexibilizada&#8221; nas condi\u00e7\u00f5es de acesso, nomeadamente deixa de existir a refer\u00eancia a uma queda do volume de neg\u00f3cios em 20%.<\/p>\n<p style=\"text-align: justify;\"><strong>Restaura\u00e7\u00e3o e similares<\/strong><\/p>\n<p style=\"text-align: justify;\">Para o setor da restaura\u00e7\u00e3o e similares, o executivo cria uma linha de cr\u00e9dito de 600 milh\u00f5es de euros, dos quais 270 milh\u00f5es de euros s\u00e3o destinados a micro e pequenas empresas.<\/p>\n<p style=\"text-align: justify;\">Segundo dados do Minist\u00e9rio da Economia, 321 milh\u00f5es de euros ser\u00e3o direcionados a m\u00e9dias empresas e a &#8216;small mid cap&#8217; (empresas de capitaliza\u00e7\u00e3o pequena-m\u00e9dia), e nove milh\u00f5es a empresas de capitaliza\u00e7\u00e3o m\u00e9dia (&#8216;mid cap&#8217;).<\/p>\n<p style=\"text-align: justify;\">Por empresa, a dota\u00e7\u00e3o m\u00e1xima ser\u00e1 de 50 mil euros para microempresas, 500 mil euros para pequenas empresas e 1,5 milh\u00f5es de euros para m\u00e9dias empresas, empresas de capitaliza\u00e7\u00e3o m\u00e9dia-pequena e de capitaliza\u00e7\u00e3o m\u00e9dia.<\/p>\n<p style=\"text-align: justify;\"><strong>Turismo<\/strong><\/p>\n<p style=\"text-align: justify;\">Para as empresas do setor do turismo, que abranjam ag\u00eancias de viagem, anima\u00e7\u00e3o e organiza\u00e7\u00e3o de eventos, estar\u00e1 dispon\u00edvel nos pr\u00f3ximos dias uma linha de cr\u00e9dito no montante de 200 milh\u00f5es de euros, dos quais 75 milh\u00f5es de euros para micro e pequenas empresas.<\/p>\n<p style=\"text-align: justify;\">Para m\u00e9dias empresas, e de capitaliza\u00e7\u00e3o pequena-m\u00e9dia, estar\u00e3o dispon\u00edveis 120,5 milh\u00f5es de euros, e para empresas de capitaliza\u00e7\u00e3o m\u00e9dia 4,5 milh\u00f5es de euros.<\/p>\n<p style=\"text-align: justify;\">J\u00e1 outras empresas no setor do turismo, incluindo empreendimentos e alojamento tur\u00edstico, ter\u00e3o ao dispor 900 milh\u00f5es de euros, dos quais 300 especificamente para micro e pequenas.<\/p>\n<p style=\"text-align: justify;\">Segundo dados do Minist\u00e9rio da Economia, os restantes 600 milh\u00f5es de euros estar\u00e3o alocados a m\u00e9dias empresas, empresas de pequena-m\u00e9dia capitaliza\u00e7\u00e3o e de m\u00e9dia capitaliza\u00e7\u00e3o.<\/p>\n<p style=\"text-align: justify;\">Para todas as empresas do Turismo, a dota\u00e7\u00e3o m\u00e1xima ser\u00e1 de 50 mil euros para micro e pequenas empresas, 500 mil euros para m\u00e9dias empresas e de capitaliza\u00e7\u00e3o pequena-m\u00e9dia, e 1,5 milh\u00f5es de euros para empresas de capitaliza\u00e7\u00e3o m\u00e9dia.<\/p>\n<p style=\"text-align: justify;\"><strong>Ind\u00fastria<\/strong><\/p>\n<p style=\"text-align: justify;\">Na ind\u00fastria, em particular t\u00eaxtil, vestu\u00e1rio, cal\u00e7ado, ind\u00fastria extrativa e da fileira da madeira, Siza Vieira anunciou uma linha de 1.300 milh\u00f5es, sendo 400 milh\u00f5es de euros destinados a micro e pequenas empresas.<\/p>\n<p style=\"text-align: justify;\">Os restantes 900 milh\u00f5es de euros ser\u00e3o destinados a m\u00e9dias empresas, de capitaliza\u00e7\u00e3o pequena-m\u00e9dia e m\u00e9dia.<\/p>\n<p style=\"text-align: justify;\">Por empresa, a dota\u00e7\u00e3o m\u00e1xima ser\u00e1 de 50 mil euros para microempresas, 500 mil euros para pequenas empresas e 1,5 milh\u00f5es de euros para m\u00e9dias empresas, &#8216;small mid cap (empresas de capitaliza\u00e7\u00e3o m\u00e9dia-pequena) e &#8216;mid cap&#8217; (capitaliza\u00e7\u00e3o m\u00e9dia).<\/p>\n<p style=\"text-align: justify;\">A Nominaurea presta servi\u00e7os de contabilidade em Lisboa e no Porto e estamos dispon\u00edveis para o apoiar na obten\u00e7\u00e3o dos cr\u00e9ditos necess\u00e1rios para a manuten\u00e7\u00e3o da sua empresa.<\/p>\n","protected":false},"excerpt":{"rendered":"<p>Flash Not\u00edcias NA 08\/2020 &#8211; COVID-19 Linhas de cr\u00e9dito para as empresas Devido \u00e0 evolu\u00e7\u00e3o do surto epidemiol\u00f3gico do COVID-19, o Governo Portugu\u00eas anunciou um conjunto de linhas de cr\u00e9dito no valor de 3.000 milh\u00f5es de euros destinadas aos setores mais atingidos pela pandemia. J\u00e1 a linha de cr\u00e9dito de 200 milh\u00f5es de euros destinada [&hellip;]<\/p>\n","protected":false},"author":2,"featured_media":0,"comment_status":"closed","ping_status":"open","sticky":false,"template":"","format":"standard","meta":{"footnotes":""},"categories":[1],"tags":[],"class_list":["post-2682","post","type-post","status-publish","format-standard","hentry","category-publications"],"_links":{"self":[{"href":"https:\/\/www.nominaurea.pt\/en\/wp-json\/wp\/v2\/posts\/2682","targetHints":{"allow":["GET"]}}],"collection":[{"href":"https:\/\/www.nominaurea.pt\/en\/wp-json\/wp\/v2\/posts"}],"about":[{"href":"https:\/\/www.nominaurea.pt\/en\/wp-json\/wp\/v2\/types\/post"}],"author":[{"embeddable":true,"href":"https:\/\/www.nominaurea.pt\/en\/wp-json\/wp\/v2\/users\/2"}],"replies":[{"embeddable":true,"href":"https:\/\/www.nominaurea.pt\/en\/wp-json\/wp\/v2\/comments?post=2682"}],"version-history":[{"count":1,"href":"https:\/\/www.nominaurea.pt\/en\/wp-json\/wp\/v2\/posts\/2682\/revisions"}],"predecessor-version":[{"id":2703,"href":"https:\/\/www.nominaurea.pt\/en\/wp-json\/wp\/v2\/posts\/2682\/revisions\/2703"}],"wp:attachment":[{"href":"https:\/\/www.nominaurea.pt\/en\/wp-json\/wp\/v2\/media?parent=2682"}],"wp:term":[{"taxonomy":"category","embeddable":true,"href":"https:\/\/www.nominaurea.pt\/en\/wp-json\/wp\/v2\/categories?post=2682"},{"taxonomy":"post_tag","embeddable":true,"href":"https:\/\/www.nominaurea.pt\/en\/wp-json\/wp\/v2\/tags?post=2682"}],"curies":[{"name":"wp","href":"https:\/\/api.w.org\/{rel}","templated":true}]}}