{"id":2628,"date":"2020-05-07T10:00:00","date_gmt":"2020-05-07T10:00:00","guid":{"rendered":"https:\/\/www.nominaurea.pt\/noticias\/novos-prazos-para-cumprimento-das-obrigacoes-fiscais\/"},"modified":"2025-10-22T07:24:27","modified_gmt":"2025-10-22T07:24:27","slug":"novos-prazos-para-cumprimento-das-obrigacoes-fiscais","status":"publish","type":"post","link":"https:\/\/www.nominaurea.pt\/en\/noticias\/novos-prazos-para-cumprimento-das-obrigacoes-fiscais\/","title":{"rendered":"Novos prazos para cumprimento das obriga\u00e7\u00f5es fiscais"},"content":{"rendered":"<h5 class=\"bto-encabezamiento\">Flash Not\u00edcias NA 15\/2020 &#8211; COVID-19<\/h5>\n<h5>Novos prazos para cumprimento das obriga\u00e7\u00f5es fiscais<\/h5>\n<p style=\"text-align: justify;\">Como forma de ajudar as empresas a cumprirem todos os prazos declarativos a que est\u00e3o obrigadas, algumas obriga\u00e7\u00f5es fiscais viram os prazos para o seu cumprimento dilatados.<\/p>\n<p style=\"text-align: justify;\">Como forma de ajudar as empresas a cumprirem todos os prazos declarativos a que est\u00e3o obrigadas, algumas obriga\u00e7\u00f5es fiscais viram os prazos para o seu cumprimento dilatados.<\/p>\n<p style=\"text-align: justify;\">De acordo com o despacho n.\u00ba 153\/2020-XXII do secret\u00e1rio de Estado dos Assuntos Fiscais as obriga\u00e7\u00f5es com novas datas s\u00e3o as seguintes: IES, IVA, reten\u00e7\u00f5es na fonte e imposto do selo.<\/p>\n<p style=\"text-align: justify;\">A obriga\u00e7\u00e3o de entrega da IES\/DA pode ser cumprida at\u00e9 ao dia 7 de agosto de 2020, sem quaisquer penalidades.<\/p>\n<p style=\"text-align: justify;\">A obriga\u00e7\u00e3o de constitui\u00e7\u00e3o e\/ou entrega do processo de documenta\u00e7\u00e3o fiscal e do processo de documenta\u00e7\u00e3o respeitante \u00e0 pol\u00edtica adotada em mat\u00e9ria de pre\u00e7os de transfer\u00eancia pode ser cumprida at\u00e9 31 de agosto de 2020, igualmente sem coimas.<\/p>\n<p style=\"text-align: justify;\">As declara\u00e7\u00f5es peri\u00f3dicas de IVA, referentes ao per\u00edodo de mar\u00e7o e abril do regime mensal, passam a poder ser submetidas at\u00e9 18 de maio e 18 de junho, respetivamente, e as referentes ao per\u00edodo de janeiro a mar\u00e7o do regime trimestral podem ser enviadas at\u00e9 22 de maio.<\/p>\n<p style=\"text-align: justify;\">Por seu turno, a entrega de imposto relativa a reten\u00e7\u00f5es na fonte, respeitante aos meses de abril e maio de 2020, pode ser efetuada at\u00e9 dia 25 de maio e 25 de junho, respetivamente.<\/p>\n<p style=\"text-align: justify;\">Por \u00faltimo, a entrega do imposto do selo referente aos meses de abril e maio de 2020, pode ser efetuada at\u00e9 dia 25 de maio e 25 de junho, respetivamente.<\/p>\n<p style=\"text-align: justify;\">Na NOMINAUREA queremos apoi\u00e1-lo no cumprimento das suas obriga\u00e7\u00f5es fiscais e tamb\u00e9m nas obriga\u00e7\u00f5es fiscais da sua empresa. Aguardamos o seu contato!<\/p>\n","protected":false},"excerpt":{"rendered":"<p>Flash Not\u00edcias NA 15\/2020 &#8211; COVID-19 Novos prazos para cumprimento das obriga\u00e7\u00f5es fiscais Como forma de ajudar as empresas a cumprirem todos os prazos declarativos a que est\u00e3o obrigadas, algumas obriga\u00e7\u00f5es fiscais viram os prazos para o seu cumprimento dilatados. Como forma de ajudar as empresas a cumprirem todos os prazos declarativos a que est\u00e3o [&hellip;]<\/p>\n","protected":false},"author":2,"featured_media":0,"comment_status":"closed","ping_status":"open","sticky":false,"template":"","format":"standard","meta":{"footnotes":""},"categories":[1],"tags":[],"class_list":["post-2628","post","type-post","status-publish","format-standard","hentry","category-publications"],"_links":{"self":[{"href":"https:\/\/www.nominaurea.pt\/en\/wp-json\/wp\/v2\/posts\/2628","targetHints":{"allow":["GET"]}}],"collection":[{"href":"https:\/\/www.nominaurea.pt\/en\/wp-json\/wp\/v2\/posts"}],"about":[{"href":"https:\/\/www.nominaurea.pt\/en\/wp-json\/wp\/v2\/types\/post"}],"author":[{"embeddable":true,"href":"https:\/\/www.nominaurea.pt\/en\/wp-json\/wp\/v2\/users\/2"}],"replies":[{"embeddable":true,"href":"https:\/\/www.nominaurea.pt\/en\/wp-json\/wp\/v2\/comments?post=2628"}],"version-history":[{"count":1,"href":"https:\/\/www.nominaurea.pt\/en\/wp-json\/wp\/v2\/posts\/2628\/revisions"}],"predecessor-version":[{"id":2647,"href":"https:\/\/www.nominaurea.pt\/en\/wp-json\/wp\/v2\/posts\/2628\/revisions\/2647"}],"wp:attachment":[{"href":"https:\/\/www.nominaurea.pt\/en\/wp-json\/wp\/v2\/media?parent=2628"}],"wp:term":[{"taxonomy":"category","embeddable":true,"href":"https:\/\/www.nominaurea.pt\/en\/wp-json\/wp\/v2\/categories?post=2628"},{"taxonomy":"post_tag","embeddable":true,"href":"https:\/\/www.nominaurea.pt\/en\/wp-json\/wp\/v2\/tags?post=2628"}],"curies":[{"name":"wp","href":"https:\/\/api.w.org\/{rel}","templated":true}]}}