{"id":2622,"date":"2020-06-21T00:00:00","date_gmt":"2020-06-21T00:00:00","guid":{"rendered":"https:\/\/www.nominaurea.pt\/noticias\/ies-da\/"},"modified":"2025-10-22T07:23:30","modified_gmt":"2025-10-22T07:23:30","slug":"ies-da","status":"publish","type":"post","link":"https:\/\/www.nominaurea.pt\/en\/noticias\/ies-da\/","title":{"rendered":"IES\/DA"},"content":{"rendered":"<h5 class=\"bto-encabezamiento\">Flash Not\u00edcias NA 18\/2020<\/h5>\n<h5>IES\/DA<\/h5>\n<p style=\"text-align: justify;\">Encontra-se a decorrer, at\u00e9 dia 07 de agosto, a entrega da IES\/DA do per\u00edodo de 2019.<\/p>\n<p style=\"text-align: justify;\"><a target=\"_self\"><img decoding=\"async\" style=\"float: right; margin-left: 10px;\" src=\"images\/volver.png\" alt=\"Volver\" \/><\/a>Os contribuintes com per\u00edodo de tributa\u00e7\u00e3o coincidente com o ano civil devem entregar a declara\u00e7\u00e3o do per\u00edodo de 2019 at\u00e9 07 de agosto de 2020. Igual prazo aproveitam os contribuintes com per\u00edodo diferente do ano civil, cuja declara\u00e7\u00e3o \u00e9 exig\u00edvel em 2020 e o respetivo prazo legal de entrega da declara\u00e7\u00e3o (at\u00e9 ao 15.\u00ba dia do 7.\u00ba m\u00eas seguinte ao termo do respetivo per\u00edodo de tributa\u00e7\u00e3o) terminaria antes de 07-08-2020, bem como os sujeitos passivos que cessaram a sua atividade em 2020, cujo prazo legal de entrega da IES\/DA de 2019 e 2020 (at\u00e9 ao \u00faltimo dia do terceiro m\u00eas seguinte ao da data da cessa\u00e7\u00e3o) terminaria antes de 07-08-2020.<\/p>\n<p style=\"text-align: justify;\">A IES, ou Informa\u00e7\u00e3o Empresarial Simplificada, como \u00e9 conhecida, \u00e9 uma declara\u00e7\u00e3o anual obrigat\u00f3ria a todas as empresas e empres\u00e1rios com contabilidade organizada para o cumprimento das suas obriga\u00e7\u00f5es fiscais e contabil\u00edsticas.<\/p>\n<p style=\"text-align: justify;\">Ao entregar a IES, as empresas garantem a:<\/p>\n<p style=\"text-align: justify; padding-left: 30px;\">&#8211; Entrega da declara\u00e7\u00e3o anual de informa\u00e7\u00e3o contabil\u00edstica e fiscal \u00e0 Autoridade Tribut\u00e1ria;<\/p>\n<p style=\"text-align: justify; padding-left: 30px;\">&#8211; Comunica\u00e7\u00e3o das contas anuais junto das conservat\u00f3rias do registo comercial;<\/p>\n<p style=\"text-align: justify; padding-left: 30px;\">&#8211; Entrega de dados contabil\u00edsticos anuais para efeitos de tratamento estat\u00edstico pelo Banco de Portugal;<\/p>\n<p style=\"text-align: justify; padding-left: 30px;\">&#8211; Entrega da informa\u00e7\u00e3o anual contabil\u00edstica para efeitos de tratamento estat\u00edstico pelo INE.<\/p>\n<p style=\"text-align: justify;\">Na NOMINAUREA estamos dispon\u00edveis para apoi\u00e1-lo no cumprimento da obriga\u00e7\u00e3o fiscal de apresenta\u00e7\u00e3o da IES de 2019.<\/p>\n<p style=\"text-align: justify;\">Aguardamos o seu contacto!<\/p>\n","protected":false},"excerpt":{"rendered":"<p>Flash Not\u00edcias NA 18\/2020 IES\/DA Encontra-se a decorrer, at\u00e9 dia 07 de agosto, a entrega da IES\/DA do per\u00edodo de 2019. Os contribuintes com per\u00edodo de tributa\u00e7\u00e3o coincidente com o ano civil devem entregar a declara\u00e7\u00e3o do per\u00edodo de 2019 at\u00e9 07 de agosto de 2020. Igual prazo aproveitam os contribuintes com per\u00edodo diferente do [&hellip;]<\/p>\n","protected":false},"author":2,"featured_media":0,"comment_status":"closed","ping_status":"open","sticky":false,"template":"","format":"standard","meta":{"footnotes":""},"categories":[1],"tags":[],"class_list":["post-2622","post","type-post","status-publish","format-standard","hentry","category-publications"],"_links":{"self":[{"href":"https:\/\/www.nominaurea.pt\/en\/wp-json\/wp\/v2\/posts\/2622","targetHints":{"allow":["GET"]}}],"collection":[{"href":"https:\/\/www.nominaurea.pt\/en\/wp-json\/wp\/v2\/posts"}],"about":[{"href":"https:\/\/www.nominaurea.pt\/en\/wp-json\/wp\/v2\/types\/post"}],"author":[{"embeddable":true,"href":"https:\/\/www.nominaurea.pt\/en\/wp-json\/wp\/v2\/users\/2"}],"replies":[{"embeddable":true,"href":"https:\/\/www.nominaurea.pt\/en\/wp-json\/wp\/v2\/comments?post=2622"}],"version-history":[{"count":1,"href":"https:\/\/www.nominaurea.pt\/en\/wp-json\/wp\/v2\/posts\/2622\/revisions"}],"predecessor-version":[{"id":2644,"href":"https:\/\/www.nominaurea.pt\/en\/wp-json\/wp\/v2\/posts\/2622\/revisions\/2644"}],"wp:attachment":[{"href":"https:\/\/www.nominaurea.pt\/en\/wp-json\/wp\/v2\/media?parent=2622"}],"wp:term":[{"taxonomy":"category","embeddable":true,"href":"https:\/\/www.nominaurea.pt\/en\/wp-json\/wp\/v2\/categories?post=2622"},{"taxonomy":"post_tag","embeddable":true,"href":"https:\/\/www.nominaurea.pt\/en\/wp-json\/wp\/v2\/tags?post=2622"}],"curies":[{"name":"wp","href":"https:\/\/api.w.org\/{rel}","templated":true}]}}