{"id":2620,"date":"2020-06-22T00:00:00","date_gmt":"2020-06-22T00:00:00","guid":{"rendered":"https:\/\/www.nominaurea.pt\/noticias\/modelo-22-irc-2020\/"},"modified":"2025-10-22T07:23:17","modified_gmt":"2025-10-22T07:23:17","slug":"modelo-22-irc-2020","status":"publish","type":"post","link":"https:\/\/www.nominaurea.pt\/en\/noticias\/modelo-22-irc-2020\/","title":{"rendered":"Modelo 22 \u2013 IRC \u2013 2020"},"content":{"rendered":"<h5 class=\"bto-encabezamiento\">Flash Not\u00edcias NA 19\/2020<\/h5>\n<h5>Modelo 22 \u2013 IRC \u2013 2020<\/h5>\n<p style=\"text-align: justify;\">Os contribuintes com per\u00edodo de tributa\u00e7\u00e3o coincidente com o ano civil devem entregar a declara\u00e7\u00e3o modelo 22 de IRC (Imposto sobre o rendimento de pessoas coletivas) do per\u00edodo de 2019 at\u00e9 ao fim do pr\u00f3ximo m\u00eas de julho.<\/p>\n<p style=\"text-align: justify;\"><a target=\"_self\"><img decoding=\"async\" style=\"float: right; margin-left: 10px;\" src=\"images\/volver.png\" alt=\"Volver\" \/><\/a>Os contribuintes com per\u00edodo de tributa\u00e7\u00e3o coincidente com o ano civil devem entregar a declara\u00e7\u00e3o do per\u00edodo de 2019 at\u00e9 ao fim do pr\u00f3ximo m\u00eas de julho.<\/p>\n<p style=\"text-align: justify;\">Igual prazo aproveitam os contribuintes com per\u00edodo diferente do ano civil, cujo prazo legal de entrega da declara\u00e7\u00e3o do per\u00edodo de 2019 (\u00faltimo dia do 5.\u00ba m\u00eas seguinte ao termo do respetivo per\u00edodo) termine at\u00e9 31 de julho. As taxas da derrama municipal, bem como o \u00e2mbito das isen\u00e7\u00f5es concedidas pelos respetivos Munic\u00edpios, foram divulgadas atrav\u00e9s do Of\u00edcio-Circulado n.\u00ba 20218\/2020, de 19 de fevereiro.<\/p>\n<p style=\"text-align: justify;\">Foi publicado em Di\u00e1rio da Rep\u00fablica o Despacho n.\u00ba 10551\/2019, de 18 de novembro, que aprova as altera\u00e7\u00f5es \u00e0 declara\u00e7\u00e3o peri\u00f3dica de rendimentos Modelo 22, respetivos anexos e instru\u00e7\u00f5es.<\/p>\n<p style=\"text-align: justify;\">O Modelo 22 \u00e9 composta por 9 anexos:<\/p>\n<p style=\"text-align: justify;\">&#8211; Anexo A para per\u00edodos de tributa\u00e7\u00e3o anteriores a 2015;<\/p>\n<p style=\"text-align: justify;\">&#8211; Anexo A aplic\u00e1vel aos per\u00edodos de tributa\u00e7\u00e3o de 2015 e seguintes;<\/p>\n<p style=\"text-align: justify;\">&#8211; Anexo B, aplic\u00e1vel aos per\u00edodos de tributa\u00e7\u00e3o anteriores a 2011);<\/p>\n<p style=\"text-align: justify;\">&#8211; Anexos C a G; e<\/p>\n<p style=\"text-align: justify;\">&#8211; Anexo AIMI (adicional ao imposto municipal sobre im\u00f3veis), para efeitos de identifica\u00e7\u00e3o dos pr\u00e9dios detidos pelo sujeito passivo a 1 de janeiro do ano a que se refere o AIMI, afetos a uso pessoal dos titulares do respetivo capital, dos membros dos \u00f3rg\u00e3os sociais ou de quaisquer \u00f3rg\u00e3os de administra\u00e7\u00e3o, dire\u00e7\u00e3o, ger\u00eancia ou fiscaliza\u00e7\u00e3o ou dos respetivos c\u00f4njuges, ascendentes e descendentes.<\/p>\n<p style=\"text-align: justify;\">As entidades que t\u00eam de preencher e entregar o Modelo 22 s\u00e3o:<\/p>\n<p style=\"text-align: justify;\">&#8211; Residentes, que exer\u00e7am ou n\u00e3o, a t\u00edtulo principal, atividade de natureza comercial, industrial ou agr\u00edcola;<\/p>\n<p style=\"text-align: justify;\">&#8211; N\u00e3o residentes com estabelecimento em territ\u00f3rio portugu\u00eas;<\/p>\n<p style=\"text-align: justify;\">&#8211; N\u00e3o t\u00eam sede nem dire\u00e7\u00e3o efetiva em territ\u00f3rio portugu\u00eas e neste obtenham rendimentos n\u00e3o imput\u00e1veis a estabelecimento est\u00e1vel a\u00ed situado, desde que n\u00e3o haja lugar a reten\u00e7\u00e3o na fonte a t\u00edtulo definitivo.<\/p>\n<p style=\"text-align: justify;\">A declara\u00e7\u00e3o Modelo 22 destina-se a notificar anualmente os rendimentos relativos ao Imposto sobre Pessoas Coletivas \u2013 IRC.<\/p>\n<p style=\"text-align: justify;\">Este modelo permite apurar o montante de imposto a pagar ou a receber de IRC, assim como o lucro ou o preju\u00edzo anual das empresas.<\/p>\n<p style=\"text-align: justify;\">Na NOMINAUREA estamos dispon\u00edveis para apoi\u00e1-lo no cumprimento da obriga\u00e7\u00e3o fiscal de apresenta\u00e7\u00e3o da declara\u00e7\u00e3o modelo 22 de IRC (Imposto sobre o rendimento de pessoas coletivas).<\/p>\n<p style=\"text-align: justify;\">Aguardamos o seu contacto!<\/p>\n","protected":false},"excerpt":{"rendered":"<p>Flash Not\u00edcias NA 19\/2020 Modelo 22 \u2013 IRC \u2013 2020 Os contribuintes com per\u00edodo de tributa\u00e7\u00e3o coincidente com o ano civil devem entregar a declara\u00e7\u00e3o modelo 22 de IRC (Imposto sobre o rendimento de pessoas coletivas) do per\u00edodo de 2019 at\u00e9 ao fim do pr\u00f3ximo m\u00eas de julho. Os contribuintes com per\u00edodo de tributa\u00e7\u00e3o coincidente [&hellip;]<\/p>\n","protected":false},"author":2,"featured_media":0,"comment_status":"closed","ping_status":"open","sticky":false,"template":"","format":"standard","meta":{"footnotes":""},"categories":[1],"tags":[],"class_list":["post-2620","post","type-post","status-publish","format-standard","hentry","category-publications"],"_links":{"self":[{"href":"https:\/\/www.nominaurea.pt\/en\/wp-json\/wp\/v2\/posts\/2620","targetHints":{"allow":["GET"]}}],"collection":[{"href":"https:\/\/www.nominaurea.pt\/en\/wp-json\/wp\/v2\/posts"}],"about":[{"href":"https:\/\/www.nominaurea.pt\/en\/wp-json\/wp\/v2\/types\/post"}],"author":[{"embeddable":true,"href":"https:\/\/www.nominaurea.pt\/en\/wp-json\/wp\/v2\/users\/2"}],"replies":[{"embeddable":true,"href":"https:\/\/www.nominaurea.pt\/en\/wp-json\/wp\/v2\/comments?post=2620"}],"version-history":[{"count":1,"href":"https:\/\/www.nominaurea.pt\/en\/wp-json\/wp\/v2\/posts\/2620\/revisions"}],"predecessor-version":[{"id":2643,"href":"https:\/\/www.nominaurea.pt\/en\/wp-json\/wp\/v2\/posts\/2620\/revisions\/2643"}],"wp:attachment":[{"href":"https:\/\/www.nominaurea.pt\/en\/wp-json\/wp\/v2\/media?parent=2620"}],"wp:term":[{"taxonomy":"category","embeddable":true,"href":"https:\/\/www.nominaurea.pt\/en\/wp-json\/wp\/v2\/categories?post=2620"},{"taxonomy":"post_tag","embeddable":true,"href":"https:\/\/www.nominaurea.pt\/en\/wp-json\/wp\/v2\/tags?post=2620"}],"curies":[{"name":"wp","href":"https:\/\/api.w.org\/{rel}","templated":true}]}}